{"id":4479,"date":"2023-10-03T21:12:52","date_gmt":"2023-10-04T00:12:52","guid":{"rendered":"http:\/\/hdpnoticias.com.ar\/?p=4479"},"modified":"2023-10-03T21:14:15","modified_gmt":"2023-10-04T00:14:15","slug":"capitanich-esta-a-2-meses-de-caer-en-la-indigencia","status":"publish","type":"post","link":"https:\/\/hdpnoticias.com.ar\/?p=4479","title":{"rendered":"Capitanich est\u00e1 a 2 meses de caer en la indigencia"},"content":{"rendered":"\n<p>El gobernador Jorge Capitanich remarc\u00f3 en varias oportunidades no poseer auto ni casa. Y, ante el reclamo salarial de los gremios de trabajadores estatales lleg\u00f3 a decir que \u00e9l tambi\u00e9n quer\u00eda un aumento de sueldo porque con lo que ganaba como gobernador a duras penas le alcanzaba para llegar a fin de mes.<\/p>\n\n\n\n<p>En este contexto, sumado a gesti\u00f3n transparente e intachable que se arroga, es impensado que tuviera alg\u00fan canuto de cualquier tipo.<\/p>\n\n\n\n<p>Eso explica por qu\u00e9 buscaba desesperadamente otra reelecci\u00f3n: el hombre, en realidad, cuando ped\u00eda el voto estaba pidiendo trabajo.<\/p>\n\n\n\n<p>Seg\u00fan Wikipedia, Coqui viene de puesto en puesto p\u00fablico desde muy joven, saltando de asistente del entonces gobernador Danilo Baroni, a funcionario del gabinete del presidente Carlos Menem. Y tuvo su primer cargo electivo en 2001: senador: y en 2007, tas 2 intentos fallidos, lleg\u00f3 a la gobernaci\u00f3n.<\/p>\n\n\n\n<p>Tanta carrera en la administraci\u00f3n p\u00fablica le impidi\u00f3 hacer su propio camino en el campo privado; pero nunca es tarde, aunque, seg\u00fan \u00e9l mismo reconociera, est\u00e1 dura la calle.<\/p>\n\n\n\n<p>Ahora, ante la inminencia del fin de su mandato, se la ve negra: el 10 de diciembre no s\u00f3lo debe dejar el sill\u00f3n de Obligado, sino tambi\u00e9n desalojar la residencia gubernamental de la calle Saavedra y hastsa el Etios.<\/p>\n\n\n\n<p>Podr\u00eda decirse que quedar\u00e1 \u201cen Pampa y la v\u00eda\u201d, \u201cen pelotas y a los gritos\u201d, \u201ccon una mano atr\u00e1s y otra adelante\u201d, \u201cde patitas en la calle\u201d, etc\u00e9tera.<\/p>\n\n\n\n<p>Para el Indec, medido de la manera que \u00e9l tanto cuestiona: con nivel de ingresos cero, el 10 de diciembre a las 10 de la ma\u00f1ana en punto caer\u00e1 en la indigencia. Y seg\u00fan su criterio de pobreza multicausal, peor sin techo, sin trabajo, sin obra social, sin autito para remisear y con todas las NBI.<\/p>\n\n\n\n<p>Los economistas de entrecasa le recomiendan despedirse de la Tuya stockeando algunas canastas b\u00e1sicas, aprovechando los \u00faltimos reintegros electorales de los mi\u00e9rcoles.<\/p>\n","protected":false},"excerpt":{"rendered":"<p>El gobernador Jorge Capitanich remarc\u00f3 en varias oportunidades no poseer auto ni casa. Y, ante el reclamo salarial de los gremios de trabajadores estatales lleg\u00f3 a decir que \u00e9l tambi\u00e9n quer\u00eda un aumento de sueldo porque con lo que ganaba como gobernador a duras penas le alcanzaba para llegar a fin de mes. En este [&hellip;]<\/p>\n","protected":false},"author":1,"featured_media":4480,"comment_status":"open","ping_status":"open","sticky":false,"template":"","format":"standard","meta":{"footnotes":""},"categories":[1],"tags":[1284,29,37,244,505,61,949,680,694,1085],"class_list":["post-4479","post","type-post","status-publish","format-standard","has-post-thumbnail","hentry","category-pescado-podrido","tag-canasta-basica","tag-capitanich","tag-chaco","tag-gobernador","tag-hdp","tag-indec","tag-indigencia","tag-pescado-podrido","tag-pobreza","tag-tuya"],"_links":{"self":[{"href":"https:\/\/hdpnoticias.com.ar\/index.php?rest_route=\/wp\/v2\/posts\/4479","targetHints":{"allow":["GET"]}}],"collection":[{"href":"https:\/\/hdpnoticias.com.ar\/index.php?rest_route=\/wp\/v2\/posts"}],"about":[{"href":"https:\/\/hdpnoticias.com.ar\/index.php?rest_route=\/wp\/v2\/types\/post"}],"author":[{"embeddable":true,"href":"https:\/\/hdpnoticias.com.ar\/index.php?rest_route=\/wp\/v2\/users\/1"}],"replies":[{"embeddable":true,"href":"https:\/\/hdpnoticias.com.ar\/index.php?rest_route=%2Fwp%2Fv2%2Fcomments&post=4479"}],"version-history":[{"count":2,"href":"https:\/\/hdpnoticias.com.ar\/index.php?rest_route=\/wp\/v2\/posts\/4479\/revisions"}],"predecessor-version":[{"id":4483,"href":"https:\/\/hdpnoticias.com.ar\/index.php?rest_route=\/wp\/v2\/posts\/4479\/revisions\/4483"}],"wp:featuredmedia":[{"embeddable":true,"href":"https:\/\/hdpnoticias.com.ar\/index.php?rest_route=\/wp\/v2\/media\/4480"}],"wp:attachment":[{"href":"https:\/\/hdpnoticias.com.ar\/index.php?rest_route=%2Fwp%2Fv2%2Fmedia&parent=4479"}],"wp:term":[{"taxonomy":"category","embeddable":true,"href":"https:\/\/hdpnoticias.com.ar\/index.php?rest_route=%2Fwp%2Fv2%2Fcategories&post=4479"},{"taxonomy":"post_tag","embeddable":true,"href":"https:\/\/hdpnoticias.com.ar\/index.php?rest_route=%2Fwp%2Fv2%2Ftags&post=4479"}],"curies":[{"name":"wp","href":"https:\/\/api.w.org\/{rel}","templated":true}]}}