{"id":445,"date":"2023-01-19T09:41:42","date_gmt":"2023-01-19T12:41:42","guid":{"rendered":"http:\/\/hdpnoticias.com.ar\/?p=445"},"modified":"2023-01-19T09:41:44","modified_gmt":"2023-01-19T12:41:44","slug":"premios-y-castigos-la-nacion-recorto-fondos-a-chaco-y-le-sumo-a-corrientes","status":"publish","type":"post","link":"https:\/\/hdpnoticias.com.ar\/?p=445","title":{"rendered":"Premios y castigos: la Naci\u00f3n recort\u00f3 fondos a Chaco y le sum\u00f3 a Corrientes"},"content":{"rendered":"\n<p>El gobernador Jorge Capitanich es uno de los voceros de la bronca del oficialismo contra la Corte Suprema de Justicia por ordenar a la Naci\u00f3n restituirle a la Ciudad Aut\u00f3noma de Buenos Aires los fondos recortados desde 2020.<\/p>\n\n\n\n<p>Seg\u00fan sus c\u00e1lculos, la sentencia que favorece al gobierno de Horacio Rodr\u00edguez Larreta, perjudica al resto de las provincias a las que el Gobierno nacional distribu\u00eda esos recursos.<\/p>\n\n\n\n<p>Sin embargo, en 2022, cuando la quita a CABA estaba vigente, Chaco sufri\u00f3, respecto de 2021, un recorte del 23,8 por ciento en el giro de fondos \u201cno autom\u00e1tico\u201d, como se denomina a la asignaci\u00f3n arbitraria de la Naci\u00f3n a las provincias por fuera de la coparticipaci\u00f3n.<\/p>\n\n\n\n<p>Paralelamente, Tucum\u00e1n, la provincia del jefe de Gabinete: Juan Manzur, tuvo un incremento de 22,7 por ciento.<\/p>\n\n\n\n<p>En valores nominales, la m\u00e1s beneficiada fue La Rioja, que embols\u00f3 36.768 millones de pesos extra. Mientras Chaco recibi\u00f3 28.752 millones.<\/p>\n\n\n\n<p>Comparando, Corrientes, gobernada por el radical Gustavo Vald\u00e9s, recibi\u00f3 un monto menor que Chaco: 15.846 millones de pesos, pero tuvo un incremento de 9,3 por ciento.<\/p>\n\n\n\n<p>Esto se desprende de un informe publicado por el sitio Norte Grande que rese\u00f1a el reparto discrecional de fondos del Gobierrno nacional encabezado por Alberto y Cristina Fern\u00e1ndez.<\/p>\n","protected":false},"excerpt":{"rendered":"<p>El gobernador Jorge Capitanich es uno de los voceros de la bronca del oficialismo contra la Corte Suprema de Justicia por ordenar a la Naci\u00f3n restituirle a la Ciudad Aut\u00f3noma de Buenos Aires los fondos recortados desde 2020. Seg\u00fan sus c\u00e1lculos, la sentencia que favorece al gobierno de Horacio Rodr\u00edguez Larreta, perjudica al resto de [&hellip;]<\/p>\n","protected":false},"author":1,"featured_media":446,"comment_status":"open","ping_status":"open","sticky":false,"template":"","format":"standard","meta":{"footnotes":""},"categories":[27],"tags":[68,163,29,37,166,169,171,164,167,168,170,165],"class_list":["post-445","post","type-post","status-publish","format-standard","has-post-thumbnail","hentry","category-politica","tag-alberto","tag-caba","tag-capitanich","tag-chaco","tag-coparticipacion","tag-corrientes","tag-la-rioja","tag-larreta","tag-manzur","tag-nacion","tag-tucuman","tag-valdes"],"_links":{"self":[{"href":"https:\/\/hdpnoticias.com.ar\/index.php?rest_route=\/wp\/v2\/posts\/445","targetHints":{"allow":["GET"]}}],"collection":[{"href":"https:\/\/hdpnoticias.com.ar\/index.php?rest_route=\/wp\/v2\/posts"}],"about":[{"href":"https:\/\/hdpnoticias.com.ar\/index.php?rest_route=\/wp\/v2\/types\/post"}],"author":[{"embeddable":true,"href":"https:\/\/hdpnoticias.com.ar\/index.php?rest_route=\/wp\/v2\/users\/1"}],"replies":[{"embeddable":true,"href":"https:\/\/hdpnoticias.com.ar\/index.php?rest_route=%2Fwp%2Fv2%2Fcomments&post=445"}],"version-history":[{"count":1,"href":"https:\/\/hdpnoticias.com.ar\/index.php?rest_route=\/wp\/v2\/posts\/445\/revisions"}],"predecessor-version":[{"id":447,"href":"https:\/\/hdpnoticias.com.ar\/index.php?rest_route=\/wp\/v2\/posts\/445\/revisions\/447"}],"wp:featuredmedia":[{"embeddable":true,"href":"https:\/\/hdpnoticias.com.ar\/index.php?rest_route=\/wp\/v2\/media\/446"}],"wp:attachment":[{"href":"https:\/\/hdpnoticias.com.ar\/index.php?rest_route=%2Fwp%2Fv2%2Fmedia&parent=445"}],"wp:term":[{"taxonomy":"category","embeddable":true,"href":"https:\/\/hdpnoticias.com.ar\/index.php?rest_route=%2Fwp%2Fv2%2Fcategories&post=445"},{"taxonomy":"post_tag","embeddable":true,"href":"https:\/\/hdpnoticias.com.ar\/index.php?rest_route=%2Fwp%2Fv2%2Ftags&post=445"}],"curies":[{"name":"wp","href":"https:\/\/api.w.org\/{rel}","templated":true}]}}