{"id":4444,"date":"2023-10-01T15:33:13","date_gmt":"2023-10-01T18:33:13","guid":{"rendered":"http:\/\/hdpnoticias.com.ar\/?p=4444"},"modified":"2023-10-01T15:33:15","modified_gmt":"2023-10-01T18:33:15","slug":"un-culo-comun-y-corriente","status":"publish","type":"post","link":"https:\/\/hdpnoticias.com.ar\/?p=4444","title":{"rendered":"Un culo com\u00fan y corriente"},"content":{"rendered":"\n<p>Por Dar\u00edo Zarco |<\/p>\n\n\n\n<p>Malacostumbrado a la poltrona mullida del poder, Capitanich se crey\u00f3 due\u00f1o de un culo intocable. Pero un d\u00eda, de un momento a otro, pas\u00f3 de arrogarse \u201cL&#8217;\u00c9tat, c&#8217;est moi\u201d a agradecerle humildemente al pueblo \u201cla lecci\u00f3n de las urnas\u201d.<\/p>\n\n\n\n<p>Aunque son incapaces de decirle \u201cp\u00edo\u201d en la cara, en su entorno m\u00e1s estrecho sus adulones aseguran que su soberbia es preexistente a la torta de poder que amas\u00f3 tantos a\u00f1os. La que forrajeaba entre las vacas gordas electorales.<\/p>\n\n\n\n<p>Decret\u00f3 que todo lo bueno es gracias a \u00e9l y lo malo es culpa de los otros, y fue m\u00e1s all\u00e1: \u201cTodo lo hicimos nosotros, los otros no hicieron nada\u201d, &#8220;Mientras ellos duermen la siesta nosotros trabajamos\u201d, \u201cSoy el primer trabajador\u201d y \u201cZdero es \u00f1oqui\u201d, entre otras versiones de su convicci\u00f3n de que nadie podr\u00eda llegarle a los talones.<\/p>\n\n\n\n<p>Entonces: \u00bfPor qu\u00e9 al mejor gobernador de todos los tiempos se le va adentro una elecci\u00f3n que semejante jugadorazo podr\u00eda sacar de taco? Respuesta: \u00e9l no es tan bueno o el otro no es tan malo o directamente es mejor. De acuerdo a su l\u00f3gica, los 2 extremos no pueden ser verdaderos.<\/p>\n\n\n\n<p>Pero hay una explicaci\u00f3n m\u00e1s sencilla:<\/p>\n\n\n\n<p>Chaco es imbatible campe\u00f3n de la pobreza, un pozo sin fondo en el que antes ca\u00edan los desdichados pero ahora cae gente con recibo de sueldo en mano, hasta empleados p\u00fablicos a los que no abaraja ni la red de subsidios de la tarjeta Tuya del NBCH.<\/p>\n\n\n\n<p>M\u00e1s del 60% de los chaque\u00f1os no llega a fin de mes, y el 20% directamente no tiene para comer. Pero para Capitanich el problema de Chaco no es la pobreza, sino el Indec.<\/p>\n\n\n\n<p>La crisis educativa tampoco se puede disimular. No se puede ni mirar a los chicos de la primaria cuando los egresados de la secundaria no comprenden lo que leen y muchos ni leen. El \u00faltimo puesto de las pruebas Aprender, en todos los niveles, es nuestro.<\/p>\n\n\n\n<p>Elimin\u00f3 la repitencia, las calificaciones, la asistencia, las amonestaciones y hasta los contenidos, para que a nadie le vaya mal en la escuela. Su talento para el dibujo estad\u00edstico convirti\u00f3 la educaci\u00f3n en un mamarracho cada vez m\u00e1s dif\u00edcil de emprolijar.<\/p>\n\n\n\n<p>Reci\u00e9n despu\u00e9s de perder las elecciones primarias de junio admiti\u00f3 que la inseguridad era una \u201cmateria pendiente\u201d de su gesti\u00f3n. Recita r\u00e9cord de inversi\u00f3n pero disolvi\u00f3 la Escuela de Polic\u00eda y en su tercer mandato no hubo ingresos y los patrulleros no tienen cubiertas.<\/p>\n\n\n\n<p>A modo de campa\u00f1a proselitista lanz\u00f3 el en\u00e9simo \u201cPlan de Seguridad\u201d: operativos \u201csaturaci\u00f3n\u201d que consiste en encerrar a todos los polic\u00edas y patrulleros en un barrio, convirtiendo el resto de la ciudad en una zona liberada a merced de la delincuencia.<\/p>\n\n\n\n<p>Pero la ineficiencia no es primicia.<\/p>\n\n\n\n<p>Apenas llevaba 6 meses de gesti\u00f3n cuando admiti\u00f3 que los funcionarios de su gabinete no estaban a la altura de las circunstancias, por su juventud e inexperiencia. Parad\u00f3jicamente, 2 aspectos que present\u00f3 como virtudes el d\u00eda que los design\u00f3.<\/p>\n\n\n\n<p>2 de sus ministros encabezaron la lista de candidatos a diputados que perdi\u00f3 las elecciones. Pero incluso esta lista de funcionarios j\u00f3venes e inexpertos que no funcionan consigui\u00f3 m\u00e1s votos que \u00e9l, el m\u00e1s experimentado y eficiente.<\/p>\n\n\n\n<p>Los funcionarios que no estaban a la altura de las circunstancias siguen estando, lo que significa que \u00e9l tampoco est\u00e1.<\/p>\n\n\n\n<p>Este s\u00e1bado reapareci\u00f3 para presentar el Presupuesto 2024, otro recital otra vez colmado de \u00e9pica.<\/p>\n\n\n\n<p>Elogi\u00f3 su gesti\u00f3n de principio a fin. Y dese\u00f3 que su sucesor tenga la aptitud necesaria para conservar al menos alguno de los tantos indicadores positivos de su herencia, algo que deber\u00eda resultarle sencillo teni\u00e9ndolo a \u00e9l como ejemplo.<\/p>\n\n\n\n<p>Entre otros \u00e9xitos, mencion\u00f3 a Secheep. Llam\u00f3 \u201cplan de desendeudamiento\u201d a la cesaci\u00f3n de pagos a Cammesa, desde los vencimientos de la refinanciaci\u00f3n acordada por el gobierno anterior hasta las boletas del suyo, generando una deuda impagable que simplemente pate\u00f3 para adelante.<\/p>\n\n\n\n<p>No escatim\u00f3 blablabl\u00e1.<\/p>\n\n\n\n<p>En menos de 2 semanas olvid\u00f3 la lecci\u00f3n de las urnas. No aprendi\u00f3 nada.<\/p>\n\n\n\n<p>Le cuesta creer que el caballo de los \u00faltimos 16 a\u00f1os lo dej\u00f3 a pie, y que tiene un culo como cualquier otro: com\u00fan y corriente.<\/p>\n","protected":false},"excerpt":{"rendered":"<p>Por Dar\u00edo Zarco | Malacostumbrado a la poltrona mullida del poder, Capitanich se crey\u00f3 due\u00f1o de un culo intocable. Pero un d\u00eda, de un momento a otro, pas\u00f3 de arrogarse \u201cL&#8217;\u00c9tat, c&#8217;est moi\u201d a agradecerle humildemente al pueblo \u201cla lecci\u00f3n de las urnas\u201d. Aunque son incapaces de decirle \u201cp\u00edo\u201d en la cara, en su entorno [&hellip;]<\/p>\n","protected":false},"author":1,"featured_media":2555,"comment_status":"open","ping_status":"open","sticky":false,"template":"","format":"standard","meta":{"footnotes":""},"categories":[2],"tags":[297,29,1052,2596,2594,2595,232,1475,2248,921],"class_list":["post-4444","post","type-post","status-publish","format-standard","has-post-thumbnail","hentry","category-editorial","tag-cammesa","tag-capitanich","tag-frente-chaqueno","tag-juntos-por-el-cmbio","tag-noqui","tag-presupuesto","tag-secheep","tag-trabajador","tag-urnas","tag-zdero"],"_links":{"self":[{"href":"https:\/\/hdpnoticias.com.ar\/index.php?rest_route=\/wp\/v2\/posts\/4444","targetHints":{"allow":["GET"]}}],"collection":[{"href":"https:\/\/hdpnoticias.com.ar\/index.php?rest_route=\/wp\/v2\/posts"}],"about":[{"href":"https:\/\/hdpnoticias.com.ar\/index.php?rest_route=\/wp\/v2\/types\/post"}],"author":[{"embeddable":true,"href":"https:\/\/hdpnoticias.com.ar\/index.php?rest_route=\/wp\/v2\/users\/1"}],"replies":[{"embeddable":true,"href":"https:\/\/hdpnoticias.com.ar\/index.php?rest_route=%2Fwp%2Fv2%2Fcomments&post=4444"}],"version-history":[{"count":1,"href":"https:\/\/hdpnoticias.com.ar\/index.php?rest_route=\/wp\/v2\/posts\/4444\/revisions"}],"predecessor-version":[{"id":4445,"href":"https:\/\/hdpnoticias.com.ar\/index.php?rest_route=\/wp\/v2\/posts\/4444\/revisions\/4445"}],"wp:featuredmedia":[{"embeddable":true,"href":"https:\/\/hdpnoticias.com.ar\/index.php?rest_route=\/wp\/v2\/media\/2555"}],"wp:attachment":[{"href":"https:\/\/hdpnoticias.com.ar\/index.php?rest_route=%2Fwp%2Fv2%2Fmedia&parent=4444"}],"wp:term":[{"taxonomy":"category","embeddable":true,"href":"https:\/\/hdpnoticias.com.ar\/index.php?rest_route=%2Fwp%2Fv2%2Fcategories&post=4444"},{"taxonomy":"post_tag","embeddable":true,"href":"https:\/\/hdpnoticias.com.ar\/index.php?rest_route=%2Fwp%2Fv2%2Ftags&post=4444"}],"curies":[{"name":"wp","href":"https:\/\/api.w.org\/{rel}","templated":true}]}}