{"id":4426,"date":"2023-09-29T15:54:22","date_gmt":"2023-09-29T18:54:22","guid":{"rendered":"http:\/\/hdpnoticias.com.ar\/?p=4426"},"modified":"2023-10-23T08:11:47","modified_gmt":"2023-10-23T11:11:47","slug":"no-es-lo-que-parece-capitanich-insiste-en-que-el-indec-mide-mal-la-pobreza-en-chaco","status":"publish","type":"post","link":"https:\/\/hdpnoticias.com.ar\/?p=4426","title":{"rendered":"No es lo que parece: Capitanich insiste en que el Indec mide mal la pobreza en Chaco"},"content":{"rendered":"\n<p>El gobernador Jorge Capitanich insisti\u00f3 en sus cuestionamientos a la metodolog\u00eda de medici\u00f3n de la pobreza y la indigencia implementada por el Instituto Nacional de Estad\u00edstica y Censos que recientemente ubic\u00f3 una vez m\u00e1s al Gran Resistencia como el aglomerado con mayor pobreza del pa\u00eds.<\/p>\n\n\n\n<p>Seg\u00fan el Indec, la pobreza en Chaco alcanz\u00f3 al 60,3%, pero para Capitanich ese resultado es producto de un error de medici\u00f3n, considerando que el Gran Corrientes est\u00e1 apenas al otro lado del r\u00edo Paran\u00e1 y tiene un nivel de pobreza de 36%, a pesar de que, de acuerdo&nbsp; su visi\u00f3n, hay factores que permiten inferir que debi\u00f3 ser al rev\u00e9s, por ejemplo si se tiene en cuenta el costo del boleto de colectivo o las tarifas de energ\u00eda el\u00e9ctrica.<\/p>\n\n\n\n<p>En el mismo tono asegur\u00f3 que Chaco tiene mayor actividad econ\u00f3mica y m\u00e1s empleo privado que Corrientes, comparando t\u00e1citamente su gesti\u00f3n con la del gobernador correntino Gustavo Vald\u00e9s, a quien las encuestadoras consideran el de mayor imagen positiva en el pa\u00eds, mientras Capitanich acaba de perder las elecciones.<\/p>\n\n\n\n<p>No es la primera vez que Capitanich descarga la responsabilidad de la pobreza en Chaco en el sistema de medici\u00f3n del organismo. Y, como en otras oportunidades, dijo que buena parte de la Encuesta Permanente de Hogares es una interpretaci\u00f3n hecha por los t\u00e9cnicos ante la falta de respuesta de los consultados.<\/p>\n\n\n\n<p>Para \u00e9l, uno de los problemas radica justamente en que los sectores de mayores ingresos son reticentes a responder la encuesta del Indec, mientras los de menores recursos son los que m\u00e1s responden, lo que termina incidiendo negativamente en el resultado.<\/p>\n\n\n\n<p>&#8220;La cuesti\u00f3n de ingresos no puede determinar con precisi\u00f3n el problema de pobreza&#8221;, opin\u00f3, y reproch\u00f3: &#8220;Argentina necesita un enfoque multidimensional de la pobreza, un sistema de medici\u00f3n de informaci\u00f3n estad\u00edstica de alta calidad\u201d.<\/p>\n\n\n\n<p>En 2014, cuando el Indec modific\u00f3 el sistema de medici\u00f3n de \u00cdndice de Precios al Consumidor, tambi\u00e9n dej\u00f3 de medir la pobreza. Entonces el ministro de Econom\u00eda de la Naci\u00f3n: Axel Kicillof, dijo que lo dejaba de lado por ser \u201cestigmatizante\u201d. Y Capitanich, en aquel momento como jefe de Gabinete, dijo que hab\u00eda un problema de \u201cempalme\u201d entre el relevamiento de precios y de pobreza.<\/p>\n","protected":false},"excerpt":{"rendered":"<p>El gobernador Jorge Capitanich insisti\u00f3 en sus cuestionamientos a la metodolog\u00eda de medici\u00f3n de la pobreza y la indigencia implementada por el Instituto Nacional de Estad\u00edstica y Censos que recientemente ubic\u00f3 una vez m\u00e1s al Gran Resistencia como el aglomerado con mayor pobreza del pa\u00eds. Seg\u00fan el Indec, la pobreza en Chaco alcanz\u00f3 al 60,3%, [&hellip;]<\/p>\n","protected":false},"author":1,"featured_media":3584,"comment_status":"open","ping_status":"open","sticky":false,"template":"","format":"standard","meta":{"footnotes":""},"categories":[27],"tags":[29,37,169,61,949,2584,694,49,165],"class_list":["post-4426","post","type-post","status-publish","format-standard","has-post-thumbnail","hentry","category-politica","tag-capitanich","tag-chaco","tag-corrientes","tag-indec","tag-indigencia","tag-kicillof","tag-pobreza","tag-resistencia","tag-valdes"],"_links":{"self":[{"href":"https:\/\/hdpnoticias.com.ar\/index.php?rest_route=\/wp\/v2\/posts\/4426","targetHints":{"allow":["GET"]}}],"collection":[{"href":"https:\/\/hdpnoticias.com.ar\/index.php?rest_route=\/wp\/v2\/posts"}],"about":[{"href":"https:\/\/hdpnoticias.com.ar\/index.php?rest_route=\/wp\/v2\/types\/post"}],"author":[{"embeddable":true,"href":"https:\/\/hdpnoticias.com.ar\/index.php?rest_route=\/wp\/v2\/users\/1"}],"replies":[{"embeddable":true,"href":"https:\/\/hdpnoticias.com.ar\/index.php?rest_route=%2Fwp%2Fv2%2Fcomments&post=4426"}],"version-history":[{"count":3,"href":"https:\/\/hdpnoticias.com.ar\/index.php?rest_route=\/wp\/v2\/posts\/4426\/revisions"}],"predecessor-version":[{"id":4784,"href":"https:\/\/hdpnoticias.com.ar\/index.php?rest_route=\/wp\/v2\/posts\/4426\/revisions\/4784"}],"wp:featuredmedia":[{"embeddable":true,"href":"https:\/\/hdpnoticias.com.ar\/index.php?rest_route=\/wp\/v2\/media\/3584"}],"wp:attachment":[{"href":"https:\/\/hdpnoticias.com.ar\/index.php?rest_route=%2Fwp%2Fv2%2Fmedia&parent=4426"}],"wp:term":[{"taxonomy":"category","embeddable":true,"href":"https:\/\/hdpnoticias.com.ar\/index.php?rest_route=%2Fwp%2Fv2%2Fcategories&post=4426"},{"taxonomy":"post_tag","embeddable":true,"href":"https:\/\/hdpnoticias.com.ar\/index.php?rest_route=%2Fwp%2Fv2%2Ftags&post=4426"}],"curies":[{"name":"wp","href":"https:\/\/api.w.org\/{rel}","templated":true}]}}