{"id":4370,"date":"2023-09-25T16:03:31","date_gmt":"2023-09-25T19:03:31","guid":{"rendered":"http:\/\/hdpnoticias.com.ar\/?p=4370"},"modified":"2023-10-23T07:45:22","modified_gmt":"2023-10-23T10:45:22","slug":"otra-muerte-en-el-transito-del-puente-chaco-corrientes","status":"publish","type":"post","link":"https:\/\/hdpnoticias.com.ar\/?p=4370","title":{"rendered":"Otra muerte en el tr\u00e1nsito del puente Chaco-Corrientes"},"content":{"rendered":"\n<p>Alrededor de las 15 de este lunes ocurri\u00f3 otra tragedia en la cabecera chaque\u00f1a del puente interprovincial General Belgrano.<\/p>\n\n\n\n<p>Un joven peat\u00f3n muri\u00f3 en el acceso al barrio San Pedro Pescador, en Antequera, arrollado por un cami\u00f3n Mercedes Benz Atego, de la compa\u00f1\u00eda Transener.<\/p>\n\n\n\n<p>El siniestro a\u00fan es materia de investigaci\u00f3n. La Polic\u00eda chequea las grabaciones de las c\u00e1maras de seguridad instaladas en la zona para determinar c\u00f3mo ocurri\u00f3.<\/p>\n\n\n\n<p>El conductor del cami\u00f3n, de 35 a\u00f1os, dijo que el hombre se arroj\u00f3 delante del veh\u00edculo con evidentes intenciones de suicidarse.<\/p>\n\n\n\n<p>El \u00faltimo jueves, a metros de ah\u00ed, un efectivo de la Polic\u00eda del Chaco que viajaba en moto <strong><a href=\"http:\/\/hdpnoticias.com.ar\/?p=4316\">muri\u00f3 al chocar con un cami\u00f3n<\/a><\/strong>.<\/p>\n","protected":false},"excerpt":{"rendered":"<p>Alrededor de las 15 de este lunes ocurri\u00f3 otra tragedia en la cabecera chaque\u00f1a del puente interprovincial General Belgrano. Un joven peat\u00f3n muri\u00f3 en el acceso al barrio San Pedro Pescador, en Antequera, arrollado por un cami\u00f3n Mercedes Benz Atego, de la compa\u00f1\u00eda Transener. El siniestro a\u00fan es materia de investigaci\u00f3n. La Polic\u00eda chequea las [&hellip;]<\/p>\n","protected":false},"author":1,"featured_media":4371,"comment_status":"open","ping_status":"open","sticky":false,"template":"","format":"standard","meta":{"footnotes":""},"categories":[26],"tags":[322,37,169,55,304,2558,115,100],"class_list":["post-4370","post","type-post","status-publish","format-standard","has-post-thumbnail","hentry","category-policiales","tag-accidente","tag-chaco","tag-corrientes","tag-policia","tag-puente","tag-san-pedro-pescador","tag-suicidio","tag-tragedia"],"_links":{"self":[{"href":"https:\/\/hdpnoticias.com.ar\/index.php?rest_route=\/wp\/v2\/posts\/4370","targetHints":{"allow":["GET"]}}],"collection":[{"href":"https:\/\/hdpnoticias.com.ar\/index.php?rest_route=\/wp\/v2\/posts"}],"about":[{"href":"https:\/\/hdpnoticias.com.ar\/index.php?rest_route=\/wp\/v2\/types\/post"}],"author":[{"embeddable":true,"href":"https:\/\/hdpnoticias.com.ar\/index.php?rest_route=\/wp\/v2\/users\/1"}],"replies":[{"embeddable":true,"href":"https:\/\/hdpnoticias.com.ar\/index.php?rest_route=%2Fwp%2Fv2%2Fcomments&post=4370"}],"version-history":[{"count":5,"href":"https:\/\/hdpnoticias.com.ar\/index.php?rest_route=\/wp\/v2\/posts\/4370\/revisions"}],"predecessor-version":[{"id":4759,"href":"https:\/\/hdpnoticias.com.ar\/index.php?rest_route=\/wp\/v2\/posts\/4370\/revisions\/4759"}],"wp:featuredmedia":[{"embeddable":true,"href":"https:\/\/hdpnoticias.com.ar\/index.php?rest_route=\/wp\/v2\/media\/4371"}],"wp:attachment":[{"href":"https:\/\/hdpnoticias.com.ar\/index.php?rest_route=%2Fwp%2Fv2%2Fmedia&parent=4370"}],"wp:term":[{"taxonomy":"category","embeddable":true,"href":"https:\/\/hdpnoticias.com.ar\/index.php?rest_route=%2Fwp%2Fv2%2Fcategories&post=4370"},{"taxonomy":"post_tag","embeddable":true,"href":"https:\/\/hdpnoticias.com.ar\/index.php?rest_route=%2Fwp%2Fv2%2Ftags&post=4370"}],"curies":[{"name":"wp","href":"https:\/\/api.w.org\/{rel}","templated":true}]}}