{"id":4366,"date":"2023-09-25T07:06:37","date_gmt":"2023-09-25T10:06:37","guid":{"rendered":"http:\/\/hdpnoticias.com.ar\/?p=4366"},"modified":"2023-09-25T07:06:39","modified_gmt":"2023-09-25T10:06:39","slug":"otro-intento-de-usurpacion-en-el-barrio-emerenciano","status":"publish","type":"post","link":"https:\/\/hdpnoticias.com.ar\/?p=4366","title":{"rendered":"Otro intento de usurpaci\u00f3n en el barrio Emerenciano"},"content":{"rendered":"\n<p>La tarde del domingo unas 300 personas volvieron a usurpar unas 10 hect\u00e1reas en el barrio Emerenciano, en la zona sur de Resistencia, algo que ya hab\u00edan intentado el \u00faltimo mi\u00e9rcoles.<\/p>\n\n\n\n<p>La situaci\u00f3n oblig\u00f3 a la Polic\u00eda a desplegar un megaoperativo que involucr\u00f3 grupos especiales y todas las unidades de la zona, para intimar a los intrusos a desalojar, lo que finalmente hicieron.<\/p>\n\n\n\n<p>La mayor\u00eda de ellos pertenec\u00edan al Movimiento Socialista Emerenciano, entre los que hab\u00eda habitantes del barrio y familiares de estos, m\u00e1s integrantes de otros movimientos sociales.<\/p>\n\n\n\n<p>Alegan no tener d\u00f3nde construir sus viviendas y exigen que el Gobierno les entregue las tierras que ya estaban asignadas al barrio del l\u00edder piquetero detenido por el crimen de Cecilia Strzyzowski.<\/p>\n","protected":false},"excerpt":{"rendered":"<p>La tarde del domingo unas 300 personas volvieron a usurpar unas 10 hect\u00e1reas en el barrio Emerenciano, en la zona sur de Resistencia, algo que ya hab\u00edan intentado el \u00faltimo mi\u00e9rcoles. La situaci\u00f3n oblig\u00f3 a la Polic\u00eda a desplegar un megaoperativo que involucr\u00f3 grupos especiales y todas las unidades de la zona, para intimar a [&hellip;]<\/p>\n","protected":false},"author":1,"featured_media":4291,"comment_status":"open","ping_status":"open","sticky":false,"template":"","format":"standard","meta":{"footnotes":""},"categories":[6],"tags":[1813,793,1252,1599,1862,49,82,97],"class_list":["post-4366","post","type-post","status-publish","format-standard","has-post-thumbnail","hentry","category-info-general","tag-cecilia","tag-emerenciano","tag-intrusos","tag-movimientos-sociales","tag-piquetero","tag-resistencia","tag-usurpacion","tag-zona-sur"],"_links":{"self":[{"href":"https:\/\/hdpnoticias.com.ar\/index.php?rest_route=\/wp\/v2\/posts\/4366","targetHints":{"allow":["GET"]}}],"collection":[{"href":"https:\/\/hdpnoticias.com.ar\/index.php?rest_route=\/wp\/v2\/posts"}],"about":[{"href":"https:\/\/hdpnoticias.com.ar\/index.php?rest_route=\/wp\/v2\/types\/post"}],"author":[{"embeddable":true,"href":"https:\/\/hdpnoticias.com.ar\/index.php?rest_route=\/wp\/v2\/users\/1"}],"replies":[{"embeddable":true,"href":"https:\/\/hdpnoticias.com.ar\/index.php?rest_route=%2Fwp%2Fv2%2Fcomments&post=4366"}],"version-history":[{"count":1,"href":"https:\/\/hdpnoticias.com.ar\/index.php?rest_route=\/wp\/v2\/posts\/4366\/revisions"}],"predecessor-version":[{"id":4367,"href":"https:\/\/hdpnoticias.com.ar\/index.php?rest_route=\/wp\/v2\/posts\/4366\/revisions\/4367"}],"wp:featuredmedia":[{"embeddable":true,"href":"https:\/\/hdpnoticias.com.ar\/index.php?rest_route=\/wp\/v2\/media\/4291"}],"wp:attachment":[{"href":"https:\/\/hdpnoticias.com.ar\/index.php?rest_route=%2Fwp%2Fv2%2Fmedia&parent=4366"}],"wp:term":[{"taxonomy":"category","embeddable":true,"href":"https:\/\/hdpnoticias.com.ar\/index.php?rest_route=%2Fwp%2Fv2%2Fcategories&post=4366"},{"taxonomy":"post_tag","embeddable":true,"href":"https:\/\/hdpnoticias.com.ar\/index.php?rest_route=%2Fwp%2Fv2%2Ftags&post=4366"}],"curies":[{"name":"wp","href":"https:\/\/api.w.org\/{rel}","templated":true}]}}