{"id":4363,"date":"2023-09-24T22:22:02","date_gmt":"2023-09-25T01:22:02","guid":{"rendered":"http:\/\/hdpnoticias.com.ar\/?p=4363"},"modified":"2023-09-24T22:22:04","modified_gmt":"2023-09-25T01:22:04","slug":"cornejo-es-el-nuevo-gobernador-de-mendoza-el-candidato-peronista-quedo-tercero","status":"publish","type":"post","link":"https:\/\/hdpnoticias.com.ar\/?p=4363","title":{"rendered":"Cornejo es el nuevo gobernador de Mendoza: el candidato peronista qued\u00f3 tercero"},"content":{"rendered":"\n<p>El senador radical Alfredo Cornejo fue electo este domingo gobernador de Mendoza con una amplia diferencia por sobre su inmediato perseguidor: el diputado nacional del PRO, Omar De Marchi, del frente La Uni\u00f3n Mendocina.<\/p>\n\n\n\n<p>Con casi el 55% de las mesas escrutadas, la f\u00f3rmula de Cambia Mendoza: Cornejo-Hebe Casado, superaba el 40% de los votos, mientras la de La Uni\u00f3n Mendocina no alcanzaba los 30. El candidato del Gobierno nacional: Omar Parisi, de Eleg\u00ed Mendoza, estaba en tercer lugar rondando el 15%.<\/p>\n\n\n\n<p>Cornejo celebr\u00f3 el triunfo agradeciendo a los mendocinos que volvieron a elegirlo gobernador. Lo acompa\u00f1aron la candidata a presidente Patricia Bullrich, y su compa\u00f1ero de f\u00f3rmula, el mendocino Luis Petri. Adem\u00e1s del gobernador de Corrientes: Gustavo Vald\u00e9s, y otros dirigentes nacionales.<\/p>\n\n\n\n<p>El gobernador electo pidi\u00f3 el respaldo a la candidatura de Bullrich en las elecciones de octubre y dijo estar confiado en que esta corriente de cambio se extender\u00e1 a la Naci\u00f3n.<\/p>\n","protected":false},"excerpt":{"rendered":"<p>El senador radical Alfredo Cornejo fue electo este domingo gobernador de Mendoza con una amplia diferencia por sobre su inmediato perseguidor: el diputado nacional del PRO, Omar De Marchi, del frente La Uni\u00f3n Mendocina. Con casi el 55% de las mesas escrutadas, la f\u00f3rmula de Cambia Mendoza: Cornejo-Hebe Casado, superaba el 40% de los votos, [&hellip;]<\/p>\n","protected":false},"author":1,"featured_media":4364,"comment_status":"open","ping_status":"open","sticky":false,"template":"","format":"standard","meta":{"footnotes":""},"categories":[27],"tags":[559,1842,2555,2557,450,1841,2556,558,165],"class_list":["post-4363","post","type-post","status-publish","format-standard","has-post-thumbnail","hentry","category-politica","tag-bullrich","tag-cornejo","tag-de-marchi","tag-de-petri","tag-juntos-por-el-cambio","tag-mendoza","tag-parisi","tag-pro","tag-valdes"],"_links":{"self":[{"href":"https:\/\/hdpnoticias.com.ar\/index.php?rest_route=\/wp\/v2\/posts\/4363","targetHints":{"allow":["GET"]}}],"collection":[{"href":"https:\/\/hdpnoticias.com.ar\/index.php?rest_route=\/wp\/v2\/posts"}],"about":[{"href":"https:\/\/hdpnoticias.com.ar\/index.php?rest_route=\/wp\/v2\/types\/post"}],"author":[{"embeddable":true,"href":"https:\/\/hdpnoticias.com.ar\/index.php?rest_route=\/wp\/v2\/users\/1"}],"replies":[{"embeddable":true,"href":"https:\/\/hdpnoticias.com.ar\/index.php?rest_route=%2Fwp%2Fv2%2Fcomments&post=4363"}],"version-history":[{"count":1,"href":"https:\/\/hdpnoticias.com.ar\/index.php?rest_route=\/wp\/v2\/posts\/4363\/revisions"}],"predecessor-version":[{"id":4365,"href":"https:\/\/hdpnoticias.com.ar\/index.php?rest_route=\/wp\/v2\/posts\/4363\/revisions\/4365"}],"wp:featuredmedia":[{"embeddable":true,"href":"https:\/\/hdpnoticias.com.ar\/index.php?rest_route=\/wp\/v2\/media\/4364"}],"wp:attachment":[{"href":"https:\/\/hdpnoticias.com.ar\/index.php?rest_route=%2Fwp%2Fv2%2Fmedia&parent=4363"}],"wp:term":[{"taxonomy":"category","embeddable":true,"href":"https:\/\/hdpnoticias.com.ar\/index.php?rest_route=%2Fwp%2Fv2%2Fcategories&post=4363"},{"taxonomy":"post_tag","embeddable":true,"href":"https:\/\/hdpnoticias.com.ar\/index.php?rest_route=%2Fwp%2Fv2%2Ftags&post=4363"}],"curies":[{"name":"wp","href":"https:\/\/api.w.org\/{rel}","templated":true}]}}