{"id":4346,"date":"2023-09-23T21:33:55","date_gmt":"2023-09-24T00:33:55","guid":{"rendered":"http:\/\/hdpnoticias.com.ar\/?p=4346"},"modified":"2023-09-23T21:34:00","modified_gmt":"2023-09-24T00:34:00","slug":"video-inocente-preso-politico-homenaje-musical-de-los-fans-de-emerenciano-en-su-cumpleanos","status":"publish","type":"post","link":"https:\/\/hdpnoticias.com.ar\/?p=4346","title":{"rendered":"VIDEO | Inocente, preso pol\u00edtico: homenaje musical de los fans de Emerenciano en su cumplea\u00f1os"},"content":{"rendered":"\n<p>Aunque ya festej\u00f3 59 en enero, Facebook recuerda que este s\u00e1bado cumple a\u00f1os el dirigente piquetero Emerenciano Sena, l\u00edder del Movimiento Socialista Emerenciano y del partido Socialistas Unidos por el Chaco, aliado del Frente Chaque\u00f1o del gobernador Jorge Capitanich.<\/p>\n\n\n\n<p>\u00c9l y su pareja, la dirigente Marcela Acu\u00f1a, jefa de Mujeres al Frente, el brazo femenino del Movimiento Emerenciano, est\u00e1n detenidos desde hace m\u00e1s de 100 d\u00edas, al igual que el hijo de ambos: C\u00e9sar Sena, imputados del asesinato de la pareja de \u00e9ste: Cecilia Strzyzowski.<\/p>\n\n\n\n<p>En las \u00faltimas horas trascendi\u00f3 que el Equipo Fiscal Especial que investiga el crimen habr\u00eda accedido al pedido del Comit\u00e9 Provincial contra la Tortura, de permitir el reencuentro de los integrantes del denominado \u201cclan Sena\u201d, en prisi\u00f3n.<\/p>\n\n\n\n<p>Sin embargo, los fiscales desmintieron la versi\u00f3n y aseguraron que s\u00f3lo se trata de evaluar si est\u00e1n dadas las condiciones para eso, lo que incluye una evaluaci\u00f3n psicol\u00f3gica de los 3. En este contexto Emerenciano recibi\u00f3 saludos y buenos deseos de sus seguidores, inspirados en el recordatorio de la red social, entre los que se destaca una particular versi\u00f3n de \u201cInocente\u201d, en la que lo consideran casi un \u201csanto\u201d popular.<\/p>\n\n\n\n<iframe loading=\"lazy\" src=\"https:\/\/www.facebook.com\/plugins\/video.php?height=420&#038;href=https%3A%2F%2Fwww.facebook.com%2Fhdpchaco%2Fvideos%2F1043793753289717%2F&#038;show_text=false&#038;width=560&#038;t=0\" width=\"560\" height=\"420\" style=\"border:none;overflow:hidden\" scrolling=\"no\" frameborder=\"0\" allowfullscreen=\"true\" allow=\"autoplay; clipboard-write; encrypted-media; picture-in-picture; web-share\" allowFullScreen=\"true\"><\/iframe>\n","protected":false},"excerpt":{"rendered":"<p>Aunque ya festej\u00f3 59 en enero, Facebook recuerda que este s\u00e1bado cumple a\u00f1os el dirigente piquetero Emerenciano Sena, l\u00edder del Movimiento Socialista Emerenciano y del partido Socialistas Unidos por el Chaco, aliado del Frente Chaque\u00f1o del gobernador Jorge Capitanich. \u00c9l y su pareja, la dirigente Marcela Acu\u00f1a, jefa de Mujeres al Frente, el brazo femenino [&hellip;]<\/p>\n","protected":false},"author":1,"featured_media":4345,"comment_status":"open","ping_status":"open","sticky":false,"template":"","format":"standard","meta":{"footnotes":""},"categories":[1],"tags":[275,29,1813,1812,87,2164,793,409,1052,1897,2551,1787,2134],"class_list":["post-4346","post","type-post","status-publish","format-standard","has-post-thumbnail","hentry","category-pescado-podrido","tag-asesinato","tag-capitanich","tag-cecilia","tag-cesar","tag-crimen","tag-cumpleanos","tag-emerenciano","tag-femicidio","tag-frente-chaqueno","tag-imputados","tag-inocente","tag-marcela","tag-preso-politico"],"_links":{"self":[{"href":"https:\/\/hdpnoticias.com.ar\/index.php?rest_route=\/wp\/v2\/posts\/4346","targetHints":{"allow":["GET"]}}],"collection":[{"href":"https:\/\/hdpnoticias.com.ar\/index.php?rest_route=\/wp\/v2\/posts"}],"about":[{"href":"https:\/\/hdpnoticias.com.ar\/index.php?rest_route=\/wp\/v2\/types\/post"}],"author":[{"embeddable":true,"href":"https:\/\/hdpnoticias.com.ar\/index.php?rest_route=\/wp\/v2\/users\/1"}],"replies":[{"embeddable":true,"href":"https:\/\/hdpnoticias.com.ar\/index.php?rest_route=%2Fwp%2Fv2%2Fcomments&post=4346"}],"version-history":[{"count":1,"href":"https:\/\/hdpnoticias.com.ar\/index.php?rest_route=\/wp\/v2\/posts\/4346\/revisions"}],"predecessor-version":[{"id":4347,"href":"https:\/\/hdpnoticias.com.ar\/index.php?rest_route=\/wp\/v2\/posts\/4346\/revisions\/4347"}],"wp:featuredmedia":[{"embeddable":true,"href":"https:\/\/hdpnoticias.com.ar\/index.php?rest_route=\/wp\/v2\/media\/4345"}],"wp:attachment":[{"href":"https:\/\/hdpnoticias.com.ar\/index.php?rest_route=%2Fwp%2Fv2%2Fmedia&parent=4346"}],"wp:term":[{"taxonomy":"category","embeddable":true,"href":"https:\/\/hdpnoticias.com.ar\/index.php?rest_route=%2Fwp%2Fv2%2Fcategories&post=4346"},{"taxonomy":"post_tag","embeddable":true,"href":"https:\/\/hdpnoticias.com.ar\/index.php?rest_route=%2Fwp%2Fv2%2Ftags&post=4346"}],"curies":[{"name":"wp","href":"https:\/\/api.w.org\/{rel}","templated":true}]}}