{"id":4316,"date":"2023-09-21T17:03:00","date_gmt":"2023-09-21T20:03:00","guid":{"rendered":"http:\/\/hdpnoticias.com.ar\/?p=4316"},"modified":"2023-10-23T07:54:20","modified_gmt":"2023-10-23T10:54:20","slug":"un-policia-murio-al-chocar-con-un-camion-en-el-puente","status":"publish","type":"post","link":"https:\/\/hdpnoticias.com.ar\/?p=4316","title":{"rendered":"Un polic\u00eda muri\u00f3 al chocar con un cami\u00f3n en el puente"},"content":{"rendered":"\n<p>Leonel Ricardo Morales, de 25 a\u00f1os, integrante de la Polic\u00eda del Chaco, muri\u00f3 la siesta de este jueves en un brutal accidente de tr\u00e1nsito en el kil\u00f3metro 4,5 de la ruta nacional 16, en la cabecera chaque\u00f1a del puente interprovincial General Belgrano.<\/p>\n\n\n\n<p>Viajaba una de motocicleta Rousser, cuando por causa que a\u00fan no fueron determinadas, alrededor de las 14:20, impact\u00f3 con un cami\u00f3n Iveco conducido por un hombre de 62 a\u00f1os.<\/p>\n\n\n\n<p>El polic\u00eda fue auxiliado y trasladado de urgencia al hospital Eva Per\u00f3n, de Barranqueras, pero ingres\u00f3 ya sin vida.<\/p>\n\n\n\n<p>Prestaba servicio en el Departamento Cibercrimen.<\/p>\n","protected":false},"excerpt":{"rendered":"<p>Leonel Ricardo Morales, de 25 a\u00f1os, integrante de la Polic\u00eda del Chaco, muri\u00f3 la siesta de este jueves en un brutal accidente de tr\u00e1nsito en el kil\u00f3metro 4,5 de la ruta nacional 16, en la cabecera chaque\u00f1a del puente interprovincial General Belgrano. Viajaba una de motocicleta Rousser, cuando por causa que a\u00fan no fueron determinadas, [&hellip;]<\/p>\n","protected":false},"author":1,"featured_media":4317,"comment_status":"open","ping_status":"open","sticky":false,"template":"","format":"standard","meta":{"footnotes":""},"categories":[26],"tags":[53,37,2540,169,343,970,340,55,304,2237],"class_list":["post-4316","post","type-post","status-publish","format-standard","has-post-thumbnail","hentry","category-policiales","tag-barranqueras","tag-chaco","tag-cibercrlimen","tag-corrientes","tag-eva-peron","tag-general-belgrano","tag-iveco","tag-policia","tag-puente","tag-rousser"],"_links":{"self":[{"href":"https:\/\/hdpnoticias.com.ar\/index.php?rest_route=\/wp\/v2\/posts\/4316","targetHints":{"allow":["GET"]}}],"collection":[{"href":"https:\/\/hdpnoticias.com.ar\/index.php?rest_route=\/wp\/v2\/posts"}],"about":[{"href":"https:\/\/hdpnoticias.com.ar\/index.php?rest_route=\/wp\/v2\/types\/post"}],"author":[{"embeddable":true,"href":"https:\/\/hdpnoticias.com.ar\/index.php?rest_route=\/wp\/v2\/users\/1"}],"replies":[{"embeddable":true,"href":"https:\/\/hdpnoticias.com.ar\/index.php?rest_route=%2Fwp%2Fv2%2Fcomments&post=4316"}],"version-history":[{"count":3,"href":"https:\/\/hdpnoticias.com.ar\/index.php?rest_route=\/wp\/v2\/posts\/4316\/revisions"}],"predecessor-version":[{"id":4767,"href":"https:\/\/hdpnoticias.com.ar\/index.php?rest_route=\/wp\/v2\/posts\/4316\/revisions\/4767"}],"wp:featuredmedia":[{"embeddable":true,"href":"https:\/\/hdpnoticias.com.ar\/index.php?rest_route=\/wp\/v2\/media\/4317"}],"wp:attachment":[{"href":"https:\/\/hdpnoticias.com.ar\/index.php?rest_route=%2Fwp%2Fv2%2Fmedia&parent=4316"}],"wp:term":[{"taxonomy":"category","embeddable":true,"href":"https:\/\/hdpnoticias.com.ar\/index.php?rest_route=%2Fwp%2Fv2%2Fcategories&post=4316"},{"taxonomy":"post_tag","embeddable":true,"href":"https:\/\/hdpnoticias.com.ar\/index.php?rest_route=%2Fwp%2Fv2%2Ftags&post=4316"}],"curies":[{"name":"wp","href":"https:\/\/api.w.org\/{rel}","templated":true}]}}