{"id":4283,"date":"2023-09-19T21:40:38","date_gmt":"2023-09-20T00:40:38","guid":{"rendered":"http:\/\/hdpnoticias.com.ar\/?p=4283"},"modified":"2023-10-23T07:58:10","modified_gmt":"2023-10-23T10:58:10","slug":"emerenciano-intimo-a-bullrich-por-afectar-su-buen-nombre-y-honor","status":"publish","type":"post","link":"https:\/\/hdpnoticias.com.ar\/?p=4283","title":{"rendered":"Emerenciano intim\u00f3 a Bullrich por afectar su buen nombre y honor"},"content":{"rendered":"\n<p>El dirigente social Emerenciano Sena, detenido junto a su mujer: Marcela Acu\u00f1a y el hijo de ambos: C\u00e9sar Sena, sindicados como autores del asesinato de Cecilia Strzyzowski, envi\u00f3 a trav\u00e9s de su abogado: Ricardo Osuna, una carta documento a la candidata a presidente por Juntos por el Cambio: Patricia Bullrich, que el lunes visit\u00f3 el barrio Emerenciano y<strong><a href=\"http:\/\/hdpnoticias.com.ar\/?p=4267\"> lo tild\u00f3 de \u201casesino\u201d<\/a><\/strong>.<\/p>\n\n\n\n<p>Bullrich compact\u00f3 su recorrida por la zona sur de Resistencia en un spot que difundi\u00f3 a trav\u00e9s de las redes sociales en el marco de sa campa\u00f1a proselitista, prometiendo erradicar la &#8220;mafia&#8221; de &#8220;piqueteros kirchneristas&#8221; y el &#8220;Estado paralelo&#8221;.<\/p>\n\n\n\n<p>El l\u00edder del Movimiento Socialista Emerenciano y el partido Socialistas Unidos por el Chaco, que integra el oficialista Frente Chaque\u00f1o, se sinti\u00f3 agraviado y consider\u00f3 que las expresiones de Bullrich da\u00f1an su buen nombre y honor.<\/p>\n\n\n\n<p>Por eso la intim\u00f3 a rectificar o ratificar sus dichos, bajo apercibimiento de iniciar las acciones legales pertinentes.<\/p>\n","protected":false},"excerpt":{"rendered":"<p>El dirigente social Emerenciano Sena, detenido junto a su mujer: Marcela Acu\u00f1a y el hijo de ambos: C\u00e9sar Sena, sindicados como autores del asesinato de Cecilia Strzyzowski, envi\u00f3 a trav\u00e9s de su abogado: Ricardo Osuna, una carta documento a la candidata a presidente por Juntos por el Cambio: Patricia Bullrich, que el lunes visit\u00f3 el [&hellip;]<\/p>\n","protected":false},"author":1,"featured_media":4284,"comment_status":"open","ping_status":"open","sticky":false,"template":"","format":"standard","meta":{"footnotes":""},"categories":[27],"tags":[2527,1813,793,2528,450,35,1992,2515,265],"class_list":["post-4283","post","type-post","status-publish","format-standard","has-post-thumbnail","hentry","category-politica","tag-buen-nombre","tag-cecilia","tag-emerenciano","tag-honor","tag-juntos-por-el-cambio","tag-kirchnerismo","tag-osuna","tag-patricia-bullrich","tag-piqueteros"],"_links":{"self":[{"href":"https:\/\/hdpnoticias.com.ar\/index.php?rest_route=\/wp\/v2\/posts\/4283","targetHints":{"allow":["GET"]}}],"collection":[{"href":"https:\/\/hdpnoticias.com.ar\/index.php?rest_route=\/wp\/v2\/posts"}],"about":[{"href":"https:\/\/hdpnoticias.com.ar\/index.php?rest_route=\/wp\/v2\/types\/post"}],"author":[{"embeddable":true,"href":"https:\/\/hdpnoticias.com.ar\/index.php?rest_route=\/wp\/v2\/users\/1"}],"replies":[{"embeddable":true,"href":"https:\/\/hdpnoticias.com.ar\/index.php?rest_route=%2Fwp%2Fv2%2Fcomments&post=4283"}],"version-history":[{"count":4,"href":"https:\/\/hdpnoticias.com.ar\/index.php?rest_route=\/wp\/v2\/posts\/4283\/revisions"}],"predecessor-version":[{"id":4771,"href":"https:\/\/hdpnoticias.com.ar\/index.php?rest_route=\/wp\/v2\/posts\/4283\/revisions\/4771"}],"wp:featuredmedia":[{"embeddable":true,"href":"https:\/\/hdpnoticias.com.ar\/index.php?rest_route=\/wp\/v2\/media\/4284"}],"wp:attachment":[{"href":"https:\/\/hdpnoticias.com.ar\/index.php?rest_route=%2Fwp%2Fv2%2Fmedia&parent=4283"}],"wp:term":[{"taxonomy":"category","embeddable":true,"href":"https:\/\/hdpnoticias.com.ar\/index.php?rest_route=%2Fwp%2Fv2%2Fcategories&post=4283"},{"taxonomy":"post_tag","embeddable":true,"href":"https:\/\/hdpnoticias.com.ar\/index.php?rest_route=%2Fwp%2Fv2%2Ftags&post=4283"}],"curies":[{"name":"wp","href":"https:\/\/api.w.org\/{rel}","templated":true}]}}