{"id":428,"date":"2023-01-18T08:59:16","date_gmt":"2023-01-18T11:59:16","guid":{"rendered":"http:\/\/hdpnoticias.com.ar\/?p=428"},"modified":"2023-02-10T07:32:39","modified_gmt":"2023-02-10T10:32:39","slug":"video-docentes-seguiran-viajando-a-dedo-capitanich-se-olvido-del-boleto-gratuito","status":"publish","type":"post","link":"https:\/\/hdpnoticias.com.ar\/?p=428","title":{"rendered":"VIDEO | Docentes seguir\u00e1n viajando a dedo: Capitanich se olvid\u00f3 del Boleto Gratuito"},"content":{"rendered":"\n<p>El gobernador Jorge Capitanich anunci\u00f3 en octubre pasado el Boleto Docente Gratuito para servicios de corta y media distancia, para educadores que deban trasladarse de una localidad a otra para cumplir con sus tareas.<\/p>\n\n\n\n<p>Lo calific\u00f3 como una de las medidas econ\u00f3micas adoptadas para el sector que, por un lado, fortalecer\u00eda el salario y, por otro, les brindar\u00eda seguridad al no tener la necesidad de salir a la ruta a \u201chacer dedo\u201d apelando a la solidaridad de los transe\u00fantes.<\/p>\n\n\n\n<p>As\u00ed, se adelant\u00f3 a un proyecto de ley de la oposici\u00f3n que llevaba varios a\u00f1os esperando tratamiento en la Legislatura.<\/p>\n\n\n\n<p>Pero, al abrirse la inscripci\u00f3n, el boleto \u201cgratuito\u201d pas\u00f3 a ser \u201cdiferencial\u201d.<\/p>\n\n\n\n<p>Los docentes <strong><a href=\"https:\/\/fb.watch\/i7BRJjttco\/\" target=\"_blank\" rel=\"noreferrer noopener\">esperaban que finalmente el Gobernador cumpliera su promesa<\/a><\/strong> y enmendara la situaci\u00f3n, pero eso no ocurri\u00f3 y el boleto s\u00f3lo tendr\u00e1 un descuento. El plazo de inscripci\u00f3n que hab\u00eda sido prorrogado cerr\u00f3 el pasado 15 de enero sin novedades.<\/p>\n\n\n\n<p><\/p>\n\n\n\n<p><a href=\"https:\/\/fb.watch\/i7BRJjttco\/\">https:\/\/fb.watch\/i7BRJjttco\/<\/a><\/p>\n","protected":false},"excerpt":{"rendered":"<p>El gobernador Jorge Capitanich anunci\u00f3 en octubre pasado el Boleto Docente Gratuito para servicios de corta y media distancia, para educadores que deban trasladarse de una localidad a otra para cumplir con sus tareas. Lo calific\u00f3 como una de las medidas econ\u00f3micas adoptadas para el sector que, por un lado, fortalecer\u00eda el salario y, por [&hellip;]<\/p>\n","protected":false},"author":1,"featured_media":429,"comment_status":"open","ping_status":"open","sticky":false,"template":"","format":"standard","meta":{"footnotes":""},"categories":[27],"tags":[139,29,37,140,143],"class_list":["post-428","post","type-post","status-publish","format-standard","has-post-thumbnail","hentry","category-politica","tag-boleto","tag-capitanich","tag-chaco","tag-docentes","tag-promesa"],"_links":{"self":[{"href":"https:\/\/hdpnoticias.com.ar\/index.php?rest_route=\/wp\/v2\/posts\/428","targetHints":{"allow":["GET"]}}],"collection":[{"href":"https:\/\/hdpnoticias.com.ar\/index.php?rest_route=\/wp\/v2\/posts"}],"about":[{"href":"https:\/\/hdpnoticias.com.ar\/index.php?rest_route=\/wp\/v2\/types\/post"}],"author":[{"embeddable":true,"href":"https:\/\/hdpnoticias.com.ar\/index.php?rest_route=\/wp\/v2\/users\/1"}],"replies":[{"embeddable":true,"href":"https:\/\/hdpnoticias.com.ar\/index.php?rest_route=%2Fwp%2Fv2%2Fcomments&post=428"}],"version-history":[{"count":4,"href":"https:\/\/hdpnoticias.com.ar\/index.php?rest_route=\/wp\/v2\/posts\/428\/revisions"}],"predecessor-version":[{"id":782,"href":"https:\/\/hdpnoticias.com.ar\/index.php?rest_route=\/wp\/v2\/posts\/428\/revisions\/782"}],"wp:featuredmedia":[{"embeddable":true,"href":"https:\/\/hdpnoticias.com.ar\/index.php?rest_route=\/wp\/v2\/media\/429"}],"wp:attachment":[{"href":"https:\/\/hdpnoticias.com.ar\/index.php?rest_route=%2Fwp%2Fv2%2Fmedia&parent=428"}],"wp:term":[{"taxonomy":"category","embeddable":true,"href":"https:\/\/hdpnoticias.com.ar\/index.php?rest_route=%2Fwp%2Fv2%2Fcategories&post=428"},{"taxonomy":"post_tag","embeddable":true,"href":"https:\/\/hdpnoticias.com.ar\/index.php?rest_route=%2Fwp%2Fv2%2Ftags&post=428"}],"curies":[{"name":"wp","href":"https:\/\/api.w.org\/{rel}","templated":true}]}}