{"id":4270,"date":"2023-09-18T21:44:38","date_gmt":"2023-09-19T00:44:38","guid":{"rendered":"http:\/\/hdpnoticias.com.ar\/?p=4270"},"modified":"2023-09-18T21:44:41","modified_gmt":"2023-09-19T00:44:41","slug":"cristina-ira-a-juicio-en-las-causas-hotesur-los-sauces-y-memorandum-con-iran","status":"publish","type":"post","link":"https:\/\/hdpnoticias.com.ar\/?p=4270","title":{"rendered":"Cristina ir\u00e1 a juicio en las causas Hotesur-Los Sauces y Memor\u00e1ndum con Ir\u00e1n"},"content":{"rendered":"\n<p>La C\u00e1mara Federal de Casaci\u00f3n Penal revoc\u00f3 hoy el sobreseimiento de la vicepresidenta de la Naci\u00f3n, Cristina Fern\u00e1ndez, y orden\u00f3 que se haga el juicio oral y p\u00fablico junto al resto de la treintena de imputados, entre ellos su hijo M\u00e1ximo Kirchner, por asociaci\u00f3n il\u00edcita y lavado de dinero en el alquiler de propiedades y hoteles pertenecientes a la familia.<\/p>\n\n\n\n<p>La decisi\u00f3n fue tomada por los jueces de la Sala I de la Casaci\u00f3n: Diego Barroetave\u00f1a y Daniel Petrone.<\/p>\n\n\n\n<p>Tras este dictamen el caso volver\u00e1 al Tribunal Oral Federal (TOF) 5, que en noviembre de 2021 sobresey\u00f3 por mayor\u00eda a los acusados. Sin embargo, eso no implica que el juicio comience en el corto o mediano plazo ya que las defensas pueden apelar el fallo de Casaci\u00f3n ante la Corte Suprema de Justicia de la Naci\u00f3n.<\/p>\n\n\n\n<p>Se trata de la investigaci\u00f3n del alquiler de los hoteles y propiedades de la familia Kirchner a los empresarios L\u00e1zaro B\u00e1ez, Crist\u00f3bal L\u00f3pez y Fabi\u00e1n De Sousa. Los fiscales entienden que era una maniobra para habilitar retornos por la asignaci\u00f3n de obras p\u00fablicas durante las presidencias de N\u00e9stor Kirchner y Cristina Fern\u00e1ndez.<\/p>\n\n\n\n<p><strong>Memor\u00e1ndum con Ir\u00e1n<\/strong><\/p>\n\n\n\n<p>Paralelamente, la C\u00e1mara Federal de Casaci\u00f3n emiti\u00f3 una orden para llevar a juicio a la vicepresidenta en relaci\u00f3n al caso del Memor\u00e1ndum con Ir\u00e1n.<\/p>\n\n\n\n<p>Un tribunal oral previamente hab\u00eda emitido un sobreseimiento para Cristina y los dem\u00e1s acusados. Sin embargo, la DAIA y los familiares de las v\u00edctimas del atentado a la AMIA presentaron una apelaci\u00f3n solicitando la celebraci\u00f3n de un juicio oral.<\/p>\n\n\n\n<p>La decisi\u00f3n afecta a Cristina, Eduardo Antonio Zuain, Carlos Alberto Zannini, Oscar Isidro Parrilli, Angelina Mar\u00eda Esther Abbona, Juan Mart\u00edn Mena, Andr\u00e9s Larroque, Luis \u00c1ngel D\u00b4El\u00eda, Fernando Esteche, Jorge Alejandro Khalil y Ram\u00f3n H\u00e9ctor Allan Bogado.<\/p>\n","protected":false},"excerpt":{"rendered":"<p>La C\u00e1mara Federal de Casaci\u00f3n Penal revoc\u00f3 hoy el sobreseimiento de la vicepresidenta de la Naci\u00f3n, Cristina Fern\u00e1ndez, y orden\u00f3 que se haga el juicio oral y p\u00fablico junto al resto de la treintena de imputados, entre ellos su hijo M\u00e1ximo Kirchner, por asociaci\u00f3n il\u00edcita y lavado de dinero en el alquiler de propiedades y [&hellip;]<\/p>\n","protected":false},"author":1,"featured_media":1945,"comment_status":"open","ping_status":"open","sticky":false,"template":"","format":"standard","meta":{"footnotes":""},"categories":[27],"tags":[2518,2523,291,453,2517,2521,2519,610,2522,2520,59,954],"class_list":["post-4270","post","type-post","status-publish","format-standard","has-post-thumbnail","hentry","category-politica","tag-amia","tag-casacion","tag-corrupcion","tag-cristina","tag-daia","tag-hotesur","tag-iran","tag-kirchner","tag-los-sauces","tag-memorandum","tag-nestor","tag-obra-publica"],"_links":{"self":[{"href":"https:\/\/hdpnoticias.com.ar\/index.php?rest_route=\/wp\/v2\/posts\/4270","targetHints":{"allow":["GET"]}}],"collection":[{"href":"https:\/\/hdpnoticias.com.ar\/index.php?rest_route=\/wp\/v2\/posts"}],"about":[{"href":"https:\/\/hdpnoticias.com.ar\/index.php?rest_route=\/wp\/v2\/types\/post"}],"author":[{"embeddable":true,"href":"https:\/\/hdpnoticias.com.ar\/index.php?rest_route=\/wp\/v2\/users\/1"}],"replies":[{"embeddable":true,"href":"https:\/\/hdpnoticias.com.ar\/index.php?rest_route=%2Fwp%2Fv2%2Fcomments&post=4270"}],"version-history":[{"count":1,"href":"https:\/\/hdpnoticias.com.ar\/index.php?rest_route=\/wp\/v2\/posts\/4270\/revisions"}],"predecessor-version":[{"id":4271,"href":"https:\/\/hdpnoticias.com.ar\/index.php?rest_route=\/wp\/v2\/posts\/4270\/revisions\/4271"}],"wp:featuredmedia":[{"embeddable":true,"href":"https:\/\/hdpnoticias.com.ar\/index.php?rest_route=\/wp\/v2\/media\/1945"}],"wp:attachment":[{"href":"https:\/\/hdpnoticias.com.ar\/index.php?rest_route=%2Fwp%2Fv2%2Fmedia&parent=4270"}],"wp:term":[{"taxonomy":"category","embeddable":true,"href":"https:\/\/hdpnoticias.com.ar\/index.php?rest_route=%2Fwp%2Fv2%2Fcategories&post=4270"},{"taxonomy":"post_tag","embeddable":true,"href":"https:\/\/hdpnoticias.com.ar\/index.php?rest_route=%2Fwp%2Fv2%2Ftags&post=4270"}],"curies":[{"name":"wp","href":"https:\/\/api.w.org\/{rel}","templated":true}]}}