{"id":4267,"date":"2023-09-18T16:28:31","date_gmt":"2023-09-18T19:28:31","guid":{"rendered":"http:\/\/hdpnoticias.com.ar\/?p=4267"},"modified":"2023-09-18T16:28:34","modified_gmt":"2023-09-18T19:28:34","slug":"seguidores-de-emerenciano-sena-impidieron-que-patricia-bullrich-recorra-el-barrio","status":"publish","type":"post","link":"https:\/\/hdpnoticias.com.ar\/?p=4267","title":{"rendered":"Seguidores de Emerenciano Sena impidieron que Patricia Bullrich recorra el barrio"},"content":{"rendered":"\n<p>La candidata presidencial de Juntos por el Cambio: Patricia Bullrich, visit\u00f3 la ma\u00f1ana de este lunes el barrio Emerenciano, en la zona sur de Resistencia.<\/p>\n\n\n\n<p>Apenas arrib\u00f3 fue abordada por seguidoras de Emerenciano Sena que le impidieron el ingreso.<\/p>\n\n\n\n<p>\u201cHasta ah\u00ed nom\u00e1s\u201d, le dijeron, y se presentaron como \u201cdue\u00f1os\u201d del barrio. \u201cYo por mi patria puedo caminar por donde quiera\u201d, dijo Bullrich apelando a los derechos garantizados por la Constituci\u00f3n Nacional.<\/p>\n\n\n\n<p>\u201cVoy a denunciar al asesino de Emerenciano Sena\u201d, dijo se\u00f1alando un mural con el nombre del dirigente piquetero detenido junto a su pareja: Marcela Acu\u00f1a, y el hijo de ambos: C\u00e9sar Sena, imputados del asesinato de Cecilia Strzyzowski.<\/p>\n\n\n\n<p>\u201cUsted tambi\u00e9n es asesina. D\u00f3nde est\u00e1 Santiago Maldonado\u201d, le respondieron, en alusi\u00f3n a la muerte del activista en la Patagonia durante su gesti\u00f3n como ministra de Seguridad del gobierno de Mauricio Macri.<\/p>\n\n\n\n<p>\u201cCon nosotros se terminan las organizaciones paraestatales mafiosas. En Resistencia vinimos al barrio Emerenciano Sena, lugar en donde desapareci\u00f3 Cecilia. Un emblema de la corrupci\u00f3n y mafia K, utilizado para formar un Estado paralelo como el de Milagro Sala. En la Argentina ordenada no va a haber lugar para los extorsionadores y piqueteros\u201d, public\u00f3 la candidata en las redes sociales, asociando el clan Sena con el gobernador Jorge Capitanich que comparti\u00f3 las boletas del Frente Chaque\u00f1o con Emerenciano y Acu\u00f1a, y otros 2 de los detenidos.<\/p>\n","protected":false},"excerpt":{"rendered":"<p>La candidata presidencial de Juntos por el Cambio: Patricia Bullrich, visit\u00f3 la ma\u00f1ana de este lunes el barrio Emerenciano, en la zona sur de Resistencia. Apenas arrib\u00f3 fue abordada por seguidoras de Emerenciano Sena que le impidieron el ingreso. \u201cHasta ah\u00ed nom\u00e1s\u201d, le dijeron, y se presentaron como \u201cdue\u00f1os\u201d del barrio. \u201cYo por mi patria [&hellip;]<\/p>\n","protected":false},"author":1,"featured_media":4268,"comment_status":"open","ping_status":"open","sticky":false,"template":"","format":"standard","meta":{"footnotes":""},"categories":[27],"tags":[275,29,1813,793,1052,450,2515,265,2516,798],"class_list":["post-4267","post","type-post","status-publish","format-standard","has-post-thumbnail","hentry","category-politica","tag-asesinato","tag-capitanich","tag-cecilia","tag-emerenciano","tag-frente-chaqueno","tag-juntos-por-el-cambio","tag-patricia-bullrich","tag-piqueteros","tag-santiago-maldonado","tag-sena"],"_links":{"self":[{"href":"https:\/\/hdpnoticias.com.ar\/index.php?rest_route=\/wp\/v2\/posts\/4267","targetHints":{"allow":["GET"]}}],"collection":[{"href":"https:\/\/hdpnoticias.com.ar\/index.php?rest_route=\/wp\/v2\/posts"}],"about":[{"href":"https:\/\/hdpnoticias.com.ar\/index.php?rest_route=\/wp\/v2\/types\/post"}],"author":[{"embeddable":true,"href":"https:\/\/hdpnoticias.com.ar\/index.php?rest_route=\/wp\/v2\/users\/1"}],"replies":[{"embeddable":true,"href":"https:\/\/hdpnoticias.com.ar\/index.php?rest_route=%2Fwp%2Fv2%2Fcomments&post=4267"}],"version-history":[{"count":1,"href":"https:\/\/hdpnoticias.com.ar\/index.php?rest_route=\/wp\/v2\/posts\/4267\/revisions"}],"predecessor-version":[{"id":4269,"href":"https:\/\/hdpnoticias.com.ar\/index.php?rest_route=\/wp\/v2\/posts\/4267\/revisions\/4269"}],"wp:featuredmedia":[{"embeddable":true,"href":"https:\/\/hdpnoticias.com.ar\/index.php?rest_route=\/wp\/v2\/media\/4268"}],"wp:attachment":[{"href":"https:\/\/hdpnoticias.com.ar\/index.php?rest_route=%2Fwp%2Fv2%2Fmedia&parent=4267"}],"wp:term":[{"taxonomy":"category","embeddable":true,"href":"https:\/\/hdpnoticias.com.ar\/index.php?rest_route=%2Fwp%2Fv2%2Fcategories&post=4267"},{"taxonomy":"post_tag","embeddable":true,"href":"https:\/\/hdpnoticias.com.ar\/index.php?rest_route=%2Fwp%2Fv2%2Ftags&post=4267"}],"curies":[{"name":"wp","href":"https:\/\/api.w.org\/{rel}","templated":true}]}}