{"id":4226,"date":"2023-09-16T17:55:00","date_gmt":"2023-09-16T20:55:00","guid":{"rendered":"http:\/\/hdpnoticias.com.ar\/?p=4226"},"modified":"2023-09-16T22:09:07","modified_gmt":"2023-09-17T01:09:07","slug":"ciclista-murio-arrollado-por-un-camion-en-la-zona-sur-de-resistencia","status":"publish","type":"post","link":"https:\/\/hdpnoticias.com.ar\/?p=4226","title":{"rendered":"Ciclista muri\u00f3 arrollado por un cami\u00f3n en la zona sur de Resistencia"},"content":{"rendered":"\n<p>Un hombre que a\u00fan no fue identificado, muri\u00f3 la ma\u00f1ana de este s\u00e1bado en un accidente de tr\u00e1nsito en la zona sur de Resistencia.<\/p>\n\n\n\n<p>Circulaba en bicicleta cuando en la intersecci\u00f3n de las avenidas Edison y Chaco fue embestido por un cami\u00f3n VW 3180, propiedad de una constructora, conducido por un hombre de 26 a\u00f1os acompa\u00f1ado por otro de 48.<\/p>\n\n\n\n<p>El cami\u00f3n llevaba su volquete cargado de tierra y remolcaba un carret\u00f3n con una maquinaria.<\/p>\n\n\n\n<p>El ciclista fue auxiliado y trasladado al hospital Perrando, pero al momento de su ingreso ya estaba muerto.<\/p>\n","protected":false},"excerpt":{"rendered":"<p>Un hombre que a\u00fan no fue identificado, muri\u00f3 la ma\u00f1ana de este s\u00e1bado en un accidente de tr\u00e1nsito en la zona sur de Resistencia. Circulaba en bicicleta cuando en la intersecci\u00f3n de las avenidas Edison y Chaco fue embestido por un cami\u00f3n VW 3180, propiedad de una constructora, conducido por un hombre de 26 a\u00f1os [&hellip;]<\/p>\n","protected":false},"author":1,"featured_media":4227,"comment_status":"open","ping_status":"open","sticky":false,"template":"","format":"standard","meta":{"footnotes":""},"categories":[26],"tags":[322,215,374,93,40,49,2500,2499],"class_list":["post-4226","post","type-post","status-publish","format-standard","has-post-thumbnail","hentry","category-policiales","tag-accidente","tag-camion","tag-ciclista","tag-fatal","tag-perrando","tag-resistencia","tag-volquete","tag-zona-sue"],"_links":{"self":[{"href":"https:\/\/hdpnoticias.com.ar\/index.php?rest_route=\/wp\/v2\/posts\/4226","targetHints":{"allow":["GET"]}}],"collection":[{"href":"https:\/\/hdpnoticias.com.ar\/index.php?rest_route=\/wp\/v2\/posts"}],"about":[{"href":"https:\/\/hdpnoticias.com.ar\/index.php?rest_route=\/wp\/v2\/types\/post"}],"author":[{"embeddable":true,"href":"https:\/\/hdpnoticias.com.ar\/index.php?rest_route=\/wp\/v2\/users\/1"}],"replies":[{"embeddable":true,"href":"https:\/\/hdpnoticias.com.ar\/index.php?rest_route=%2Fwp%2Fv2%2Fcomments&post=4226"}],"version-history":[{"count":1,"href":"https:\/\/hdpnoticias.com.ar\/index.php?rest_route=\/wp\/v2\/posts\/4226\/revisions"}],"predecessor-version":[{"id":4228,"href":"https:\/\/hdpnoticias.com.ar\/index.php?rest_route=\/wp\/v2\/posts\/4226\/revisions\/4228"}],"wp:featuredmedia":[{"embeddable":true,"href":"https:\/\/hdpnoticias.com.ar\/index.php?rest_route=\/wp\/v2\/media\/4227"}],"wp:attachment":[{"href":"https:\/\/hdpnoticias.com.ar\/index.php?rest_route=%2Fwp%2Fv2%2Fmedia&parent=4226"}],"wp:term":[{"taxonomy":"category","embeddable":true,"href":"https:\/\/hdpnoticias.com.ar\/index.php?rest_route=%2Fwp%2Fv2%2Fcategories&post=4226"},{"taxonomy":"post_tag","embeddable":true,"href":"https:\/\/hdpnoticias.com.ar\/index.php?rest_route=%2Fwp%2Fv2%2Ftags&post=4226"}],"curies":[{"name":"wp","href":"https:\/\/api.w.org\/{rel}","templated":true}]}}