{"id":4203,"date":"2023-09-14T19:39:00","date_gmt":"2023-09-14T22:39:00","guid":{"rendered":"http:\/\/hdpnoticias.com.ar\/?p=4203"},"modified":"2023-09-15T06:43:39","modified_gmt":"2023-09-15T09:43:39","slug":"motociclista-de-15-anos-murio-en-choque-con-un-camion-en-charata","status":"publish","type":"post","link":"https:\/\/hdpnoticias.com.ar\/?p=4203","title":{"rendered":"Motociclista de 15 a\u00f1os muri\u00f3 en choque con un cami\u00f3n en Charata"},"content":{"rendered":"\n<p>Benjam\u00edn Fern\u00e1ndez, de 15 a\u00f1os, muri\u00f3 la siesta de este jueves en Charata, como consecuencia de las lesiones sufridas en un accidente de tr\u00e1nsito.<\/p>\n\n\n\n<p>Conduc\u00eda una Gilera de 110cc. cuando en la esquina de G\u00fcemes y Capit\u00e1n Giachino se top\u00f3 con un cami\u00f3n Fiat con acoplado conducido por un hombre de 57 a\u00f1os.<\/p>\n\n\n\n<p>Fue auxiliado y trasladado al hospital local Enrique V. de Llamas, donde finalmente muri\u00f3.<\/p>\n\n\n\n<p>La mec\u00e1nica del siniestro a\u00fan es investigada.<\/p>\n","protected":false},"excerpt":{"rendered":"<p>Benjam\u00edn Fern\u00e1ndez, de 15 a\u00f1os, muri\u00f3 la siesta de este jueves en Charata, como consecuencia de las lesiones sufridas en un accidente de tr\u00e1nsito. Conduc\u00eda una Gilera de 110cc. cuando en la esquina de G\u00fcemes y Capit\u00e1n Giachino se top\u00f3 con un cami\u00f3n Fiat con acoplado conducido por un hombre de 57 a\u00f1os. Fue auxiliado [&hellip;]<\/p>\n","protected":false},"author":1,"featured_media":4204,"comment_status":"open","ping_status":"open","sticky":false,"template":"","format":"standard","meta":{"footnotes":""},"categories":[26],"tags":[84,91,93,154,2486,507,92],"class_list":["post-4203","post","type-post","status-publish","format-standard","has-post-thumbnail","hentry","category-policiales","tag-adolescente","tag-charata","tag-fatal","tag-fiat","tag-giachino","tag-gilera","tag-motociclista"],"_links":{"self":[{"href":"https:\/\/hdpnoticias.com.ar\/index.php?rest_route=\/wp\/v2\/posts\/4203","targetHints":{"allow":["GET"]}}],"collection":[{"href":"https:\/\/hdpnoticias.com.ar\/index.php?rest_route=\/wp\/v2\/posts"}],"about":[{"href":"https:\/\/hdpnoticias.com.ar\/index.php?rest_route=\/wp\/v2\/types\/post"}],"author":[{"embeddable":true,"href":"https:\/\/hdpnoticias.com.ar\/index.php?rest_route=\/wp\/v2\/users\/1"}],"replies":[{"embeddable":true,"href":"https:\/\/hdpnoticias.com.ar\/index.php?rest_route=%2Fwp%2Fv2%2Fcomments&post=4203"}],"version-history":[{"count":1,"href":"https:\/\/hdpnoticias.com.ar\/index.php?rest_route=\/wp\/v2\/posts\/4203\/revisions"}],"predecessor-version":[{"id":4205,"href":"https:\/\/hdpnoticias.com.ar\/index.php?rest_route=\/wp\/v2\/posts\/4203\/revisions\/4205"}],"wp:featuredmedia":[{"embeddable":true,"href":"https:\/\/hdpnoticias.com.ar\/index.php?rest_route=\/wp\/v2\/media\/4204"}],"wp:attachment":[{"href":"https:\/\/hdpnoticias.com.ar\/index.php?rest_route=%2Fwp%2Fv2%2Fmedia&parent=4203"}],"wp:term":[{"taxonomy":"category","embeddable":true,"href":"https:\/\/hdpnoticias.com.ar\/index.php?rest_route=%2Fwp%2Fv2%2Fcategories&post=4203"},{"taxonomy":"post_tag","embeddable":true,"href":"https:\/\/hdpnoticias.com.ar\/index.php?rest_route=%2Fwp%2Fv2%2Ftags&post=4203"}],"curies":[{"name":"wp","href":"https:\/\/api.w.org\/{rel}","templated":true}]}}