{"id":4195,"date":"2023-09-14T21:45:40","date_gmt":"2023-09-15T00:45:40","guid":{"rendered":"http:\/\/hdpnoticias.com.ar\/?p=4195"},"modified":"2023-09-14T21:45:43","modified_gmt":"2023-09-15T00:45:43","slug":"crimen-de-cecilia-apunalaron-al-cuidador-de-la-chancheria-de-los-sena-en-su-celda","status":"publish","type":"post","link":"https:\/\/hdpnoticias.com.ar\/?p=4195","title":{"rendered":"Crimen de Cecilia: apu\u00f1alaron al cuidador de la chancher\u00eda de los Sena en su celda"},"content":{"rendered":"\n<p>Gustavo Melgarejo, uno de los cuidadores de la chancher\u00eda de los Sena en Campo Rossi, detenido por el femicidio de Cecilia Strzyzowski, fue apu\u00f1alado por uno de los 4 presos que comparte la celda con \u00e9l en la Comisar\u00eda 11 Metropolitana.<\/p>\n\n\n\n<p>Est\u00e1 imputado de \u201cencubrimiento agravado\u201d del crimen por el que est\u00e1n acusados los dirigentes sociales Emerenciano Sena y Marcela Acu\u00f1a, y el hijo de ambos: C\u00e9sar Sena, que fuera marido de la v\u00edctima.<\/p>\n\n\n\n<p>Los fiscales creen que Melgarejo y su pareja: Griselda Reynoso, fueron los encargados de mantener viva la fogata en la que incineraon los restos de Cecilia en la chancher\u00eda, antes de ser descartados a la vera del r\u00edo Tragadero.<\/p>\n\n\n\n<p>Tras el ataque, fue trasladado al hospital Perrando, con una herida de arma blanca en un brazo. Al parecer, habr\u00eda intentado cubrirse.<\/p>\n\n\n\n<p>Melgarejo dijo no saber qui\u00e9n lo atac\u00f3 y prefiri\u00f3 no denunciar.<\/p>\n\n\n\n<p>Ahora buscan d\u00f3nde alojarlo, ya que no hay plazas en las comisar\u00edas del Gran Resistencia.<\/p>\n\n\n\n<p>Investigan c\u00f3mo logr\u00f3 armarse el agresor.<\/p>\n","protected":false},"excerpt":{"rendered":"<p>Gustavo Melgarejo, uno de los cuidadores de la chancher\u00eda de los Sena en Campo Rossi, detenido por el femicidio de Cecilia Strzyzowski, fue apu\u00f1alado por uno de los 4 presos que comparte la celda con \u00e9l en la Comisar\u00eda 11 Metropolitana. Est\u00e1 imputado de \u201cencubrimiento agravado\u201d del crimen por el que est\u00e1n acusados los dirigentes [&hellip;]<\/p>\n","protected":false},"author":1,"featured_media":2584,"comment_status":"open","ping_status":"open","sticky":false,"template":"","format":"standard","meta":{"footnotes":""},"categories":[26],"tags":[1813,1812,1825,87,793,409,1787,2481],"class_list":["post-4195","post","type-post","status-publish","format-standard","has-post-thumbnail","hentry","category-policiales","tag-cecilia","tag-cesar","tag-chancheria","tag-crimen","tag-emerenciano","tag-femicidio","tag-marcela","tag-melgarejo"],"_links":{"self":[{"href":"https:\/\/hdpnoticias.com.ar\/index.php?rest_route=\/wp\/v2\/posts\/4195","targetHints":{"allow":["GET"]}}],"collection":[{"href":"https:\/\/hdpnoticias.com.ar\/index.php?rest_route=\/wp\/v2\/posts"}],"about":[{"href":"https:\/\/hdpnoticias.com.ar\/index.php?rest_route=\/wp\/v2\/types\/post"}],"author":[{"embeddable":true,"href":"https:\/\/hdpnoticias.com.ar\/index.php?rest_route=\/wp\/v2\/users\/1"}],"replies":[{"embeddable":true,"href":"https:\/\/hdpnoticias.com.ar\/index.php?rest_route=%2Fwp%2Fv2%2Fcomments&post=4195"}],"version-history":[{"count":1,"href":"https:\/\/hdpnoticias.com.ar\/index.php?rest_route=\/wp\/v2\/posts\/4195\/revisions"}],"predecessor-version":[{"id":4196,"href":"https:\/\/hdpnoticias.com.ar\/index.php?rest_route=\/wp\/v2\/posts\/4195\/revisions\/4196"}],"wp:featuredmedia":[{"embeddable":true,"href":"https:\/\/hdpnoticias.com.ar\/index.php?rest_route=\/wp\/v2\/media\/2584"}],"wp:attachment":[{"href":"https:\/\/hdpnoticias.com.ar\/index.php?rest_route=%2Fwp%2Fv2%2Fmedia&parent=4195"}],"wp:term":[{"taxonomy":"category","embeddable":true,"href":"https:\/\/hdpnoticias.com.ar\/index.php?rest_route=%2Fwp%2Fv2%2Fcategories&post=4195"},{"taxonomy":"post_tag","embeddable":true,"href":"https:\/\/hdpnoticias.com.ar\/index.php?rest_route=%2Fwp%2Fv2%2Ftags&post=4195"}],"curies":[{"name":"wp","href":"https:\/\/api.w.org\/{rel}","templated":true}]}}