{"id":4188,"date":"2023-09-14T08:42:47","date_gmt":"2023-09-14T11:42:47","guid":{"rendered":"http:\/\/hdpnoticias.com.ar\/?p=4188"},"modified":"2023-09-14T08:43:45","modified_gmt":"2023-09-14T11:43:45","slug":"massa-cuando-criticaba-la-inflacion-de-macri-con-47-anual-no-se-puede-vivir","status":"publish","type":"post","link":"https:\/\/hdpnoticias.com.ar\/?p=4188","title":{"rendered":"Massa cuando criticaba la inflaci\u00f3n de Macri: con 47% anual no se puede vivir"},"content":{"rendered":"\n<p>En 2015, como candidato a presidente por UNA: Sergio Massa, se enfrentaba a Mauricio Macri, candidato de Cambiemos, y a Daniel Scioli, del oficialista Frente para la Victoria. En esa oportunidad bas\u00f3 su campa\u00f1a en la cr\u00edtica al alto nivel de inflaci\u00f3n del segundo gobierno de Cristina Fern\u00e1ndez y promet\u00eda bajarlo a \u201cun d\u00edgito en 2 a\u00f1os\u201d. El ganador fue Macri.<\/p>\n\n\n\n<p>Y en 2019, ya como aliados de Cristina y Alberto Fern\u00e1ndez y candidato a diputado nacional por el kirchnerista Frente de Todos, pas\u00f3 a criticar las pol\u00edticas econ\u00f3micas del gobierno de Macri.<\/p>\n\n\n\n<p>\u201cGener\u00f3 la inflaci\u00f3n m\u00e1s alta de los \u00faltimos 25 a\u00f1os\u201d, dec\u00eda sobre el \u00edndice anual de 2018 que hab\u00eda superado el 47%. \u201cAs\u00ed no se puede vivir\u201d, remataba.<\/p>\n\n\n\n<p>Este mi\u00e9rcoles, el Instituto Nacional de Estad\u00edstica y Censos, que dirige Marco Lavagna, un dirigente de su espacio y uno de sus funcionarios nacionales con mejor imagen, inform\u00f3 que <strong><a href=\"http:\/\/hdpnoticias.com.ar\/?p=4177\">la inflaci\u00f3n de agosto fue del 12,4% y de 124,2 en el \u00faltimo a\u00f1o. S\u00f3lo en lo que va de 2023 los precios aumentaron 80,2%.<\/a><\/strong><\/p>\n\n\n\n<p>Frente a estos n\u00fameros, como principal responsable de las pol\u00edticas econ\u00f3micas y candidato a presidente por el frente oficialista Uni\u00f3n por la Patria, Massa culp\u00f3 otra vez a la \u201cpesada herencia\u201d, a pesar de que ya transcurrieron casi 4 a\u00f1os de la gesti\u00f3n.<\/p>\n\n\n\n<p>Seg\u00fan la mirada de los analistas econ\u00f3micos, en agosto s\u00f3lo se refleja el \u201cprimer impacto\u201d de la devaluaci\u00f3n de m\u00e1s de 22% aplicada por el Gobierno nacional despu\u00e9s de la derrota en las Paso, donde qued\u00f3 tercero detr\u00e1s de La Libertad Avanza y Juntos por el Cambio.<\/p>\n","protected":false},"excerpt":{"rendered":"<p>En 2015, como candidato a presidente por UNA: Sergio Massa, se enfrentaba a Mauricio Macri, candidato de Cambiemos, y a Daniel Scioli, del oficialista Frente para la Victoria. En esa oportunidad bas\u00f3 su campa\u00f1a en la cr\u00edtica al alto nivel de inflaci\u00f3n del segundo gobierno de Cristina Fern\u00e1ndez y promet\u00eda bajarlo a \u201cun d\u00edgito en [&hellip;]<\/p>\n","protected":false},"author":1,"featured_media":4183,"comment_status":"open","ping_status":"open","sticky":false,"template":"","format":"standard","meta":{"footnotes":""},"categories":[27],"tags":[68,2479,453,349,61,239,1583,2480,195,289,503,1916,1898],"class_list":["post-4188","post","type-post","status-publish","format-standard","has-post-thumbnail","hentry","category-politica","tag-alberto","tag-cambiemos","tag-cristina","tag-frente-de-todos","tag-indec","tag-inflacion","tag-juntos","tag-lavagna","tag-macri","tag-massa","tag-precios","tag-scioli","tag-union-por-la-patria"],"_links":{"self":[{"href":"https:\/\/hdpnoticias.com.ar\/index.php?rest_route=\/wp\/v2\/posts\/4188","targetHints":{"allow":["GET"]}}],"collection":[{"href":"https:\/\/hdpnoticias.com.ar\/index.php?rest_route=\/wp\/v2\/posts"}],"about":[{"href":"https:\/\/hdpnoticias.com.ar\/index.php?rest_route=\/wp\/v2\/types\/post"}],"author":[{"embeddable":true,"href":"https:\/\/hdpnoticias.com.ar\/index.php?rest_route=\/wp\/v2\/users\/1"}],"replies":[{"embeddable":true,"href":"https:\/\/hdpnoticias.com.ar\/index.php?rest_route=%2Fwp%2Fv2%2Fcomments&post=4188"}],"version-history":[{"count":2,"href":"https:\/\/hdpnoticias.com.ar\/index.php?rest_route=\/wp\/v2\/posts\/4188\/revisions"}],"predecessor-version":[{"id":4190,"href":"https:\/\/hdpnoticias.com.ar\/index.php?rest_route=\/wp\/v2\/posts\/4188\/revisions\/4190"}],"wp:featuredmedia":[{"embeddable":true,"href":"https:\/\/hdpnoticias.com.ar\/index.php?rest_route=\/wp\/v2\/media\/4183"}],"wp:attachment":[{"href":"https:\/\/hdpnoticias.com.ar\/index.php?rest_route=%2Fwp%2Fv2%2Fmedia&parent=4188"}],"wp:term":[{"taxonomy":"category","embeddable":true,"href":"https:\/\/hdpnoticias.com.ar\/index.php?rest_route=%2Fwp%2Fv2%2Fcategories&post=4188"},{"taxonomy":"post_tag","embeddable":true,"href":"https:\/\/hdpnoticias.com.ar\/index.php?rest_route=%2Fwp%2Fv2%2Ftags&post=4188"}],"curies":[{"name":"wp","href":"https:\/\/api.w.org\/{rel}","templated":true}]}}