{"id":4114,"date":"2023-09-12T06:58:34","date_gmt":"2023-09-12T09:58:34","guid":{"rendered":"http:\/\/hdpnoticias.com.ar\/?p=4114"},"modified":"2023-09-12T06:58:36","modified_gmt":"2023-09-12T09:58:36","slug":"capitanich-arengo-a-los-intendentes-que-cortan-boleta-transpiren-la-camiseta-vamos-todos-juntos","status":"publish","type":"post","link":"https:\/\/hdpnoticias.com.ar\/?p=4114","title":{"rendered":"Capitanich \u201careng\u00f3\u201d a los intendentes que cortan boleta: Transpiren la camiseta, vamos todos juntos"},"content":{"rendered":"\n<p>El gobernador Jorge Capitanich reuni\u00f3 a intendentes y candidatos del Frente Chaque\u00f1o para arengarlos de cara a los \u00faltimos d\u00edas de la campa\u00f1a proselitista en la que buscar\u00e1 su cuarto mandato.<\/p>\n\n\n\n<p>Con la excusa de la firma de un \u201cpacto federal\u201d con los municipios, una bater\u00eda de promesas de campa\u00f1a que ser\u00edan parte de su plan de gobierno si resultara electo, les pidi\u00f3 \u201ctranspirar la camiseta\u201d.<\/p>\n\n\n\n<p>El llamado, en clave futbolera son\u00f3 a reclamo, principalmente teniendo en cuenta el pronunciado corte de boleta que sufri\u00f3 en las Paso, donde los intendentes oficialista que buscan la reelecci\u00f3n obtuvieron una cantidad sustancial de votos m\u00e1s que \u00e9l.<\/p>\n\n\n\n<p>La brecha entre las categor\u00edas Intendente y Gobernador y Vicegobernador, especialmente en las principales ciudades, fue observada con mucha suspicacia, ya que el corte de boleta no es una pr\u00e1ctica corriente del electorado chaque\u00f1o.<\/p>\n\n\n\n<p>\u201cVamos con todo, tengamos garra, pongamos todo lo que tenemos que poner, salgamos a transpirar la camiseta. Somos los \u00fanicos que tienen capacidad para construir futuro. Vamos con garra el pr\u00f3ximo domingo, tenemos que tener una victoria contundente, tenemos que tener mayor\u00eda legislativa. Vamos con fuerza, todos juntos\u201d, les pidi\u00f3.<\/p>\n\n\n\n<p>Mientras, los militantes \u201ccaminan\u201d distribuyendo las boletas del Frente Chaque\u00f1o con la imagen de Capitanich doblada hacia adentro.<\/p>\n","protected":false},"excerpt":{"rendered":"<p>El gobernador Jorge Capitanich reuni\u00f3 a intendentes y candidatos del Frente Chaque\u00f1o para arengarlos de cara a los \u00faltimos d\u00edas de la campa\u00f1a proselitista en la que buscar\u00e1 su cuarto mandato. Con la excusa de la firma de un \u201cpacto federal\u201d con los municipios, una bater\u00eda de promesas de campa\u00f1a que ser\u00edan parte de su [&hellip;]<\/p>\n","protected":false},"author":1,"featured_media":4115,"comment_status":"open","ping_status":"open","sticky":false,"template":"","format":"standard","meta":{"footnotes":""},"categories":[27],"tags":[29,1882,246,1052,1051,450,249],"class_list":["post-4114","post","type-post","status-publish","format-standard","has-post-thumbnail","hentry","category-politica","tag-capitanich","tag-corte-de-boleta","tag-elecciones","tag-frente-chaqueno","tag-intendentes","tag-juntos-por-el-cambio","tag-paso"],"_links":{"self":[{"href":"https:\/\/hdpnoticias.com.ar\/index.php?rest_route=\/wp\/v2\/posts\/4114","targetHints":{"allow":["GET"]}}],"collection":[{"href":"https:\/\/hdpnoticias.com.ar\/index.php?rest_route=\/wp\/v2\/posts"}],"about":[{"href":"https:\/\/hdpnoticias.com.ar\/index.php?rest_route=\/wp\/v2\/types\/post"}],"author":[{"embeddable":true,"href":"https:\/\/hdpnoticias.com.ar\/index.php?rest_route=\/wp\/v2\/users\/1"}],"replies":[{"embeddable":true,"href":"https:\/\/hdpnoticias.com.ar\/index.php?rest_route=%2Fwp%2Fv2%2Fcomments&post=4114"}],"version-history":[{"count":1,"href":"https:\/\/hdpnoticias.com.ar\/index.php?rest_route=\/wp\/v2\/posts\/4114\/revisions"}],"predecessor-version":[{"id":4116,"href":"https:\/\/hdpnoticias.com.ar\/index.php?rest_route=\/wp\/v2\/posts\/4114\/revisions\/4116"}],"wp:featuredmedia":[{"embeddable":true,"href":"https:\/\/hdpnoticias.com.ar\/index.php?rest_route=\/wp\/v2\/media\/4115"}],"wp:attachment":[{"href":"https:\/\/hdpnoticias.com.ar\/index.php?rest_route=%2Fwp%2Fv2%2Fmedia&parent=4114"}],"wp:term":[{"taxonomy":"category","embeddable":true,"href":"https:\/\/hdpnoticias.com.ar\/index.php?rest_route=%2Fwp%2Fv2%2Fcategories&post=4114"},{"taxonomy":"post_tag","embeddable":true,"href":"https:\/\/hdpnoticias.com.ar\/index.php?rest_route=%2Fwp%2Fv2%2Ftags&post=4114"}],"curies":[{"name":"wp","href":"https:\/\/api.w.org\/{rel}","templated":true}]}}