{"id":4071,"date":"2023-09-09T22:33:12","date_gmt":"2023-09-10T01:33:12","guid":{"rendered":"http:\/\/hdpnoticias.com.ar\/?p=4071"},"modified":"2023-09-09T22:33:14","modified_gmt":"2023-09-10T01:33:14","slug":"piquete-en-la-rubita-quieren-casas-y-pavimento-para-todos","status":"publish","type":"post","link":"https:\/\/hdpnoticias.com.ar\/?p=4071","title":{"rendered":"Piquete en La Rubita: quieren casas y pavimento para todos"},"content":{"rendered":"\n<p>Un accidente en las primeras horas de la ma\u00f1ana y despu\u00e9s un piquete de vecinos de La Rubita, complicaron el tr\u00e1nsito entre Barranqueras y Resistencia en la avenida Castelli.<\/p>\n\n\n\n<p>Los manifestantes montaron una barricada con neum\u00e1ticos encendidos en ambos carriles para demandar la presencia de funcionarios del Gobierno provincial.<\/p>\n\n\n\n<p>El barrio, ubicado en la zona sur de la capital, fue constituido a partir de una usurpaci\u00f3n hace 15 a\u00f1os, en el inicio de la primera gobernador de Jorge Capitanich. Y ahora se ejecuta con fondos nacionales un plan de urbanizaci\u00f3n que dotar\u00e1 de redes de agua, cloacas y energ\u00eda el\u00e9ctrica, pavimento y nuevas viviendas para las familias reubicadas.<\/p>\n\n\n\n<p>Pero las \u00faltimas lluvias generaron el anegamiento de las calles internas, lo que motiv\u00f3 el enojo de quienes no fueron beneficiados con la traza de pavimento ni las viviendas, que decidieron salir a la calle para reclamar su parte.<\/p>\n\n\n\n<p>Adem\u00e1s, exigen contratos en las obras para sus cooperativas.<\/p>\n","protected":false},"excerpt":{"rendered":"<p>Un accidente en las primeras horas de la ma\u00f1ana y despu\u00e9s un piquete de vecinos de La Rubita, complicaron el tr\u00e1nsito entre Barranqueras y Resistencia en la avenida Castelli. Los manifestantes montaron una barricada con neum\u00e1ticos encendidos en ambos carriles para demandar la presencia de funcionarios del Gobierno provincial. El barrio, ubicado en la zona [&hellip;]<\/p>\n","protected":false},"author":1,"featured_media":4072,"comment_status":"open","ping_status":"open","sticky":false,"template":"","format":"standard","meta":{"footnotes":""},"categories":[6],"tags":[121,53,29,129,934,2448,2446,643,432,49,2447,82,79],"class_list":["post-4071","post","type-post","status-publish","format-standard","has-post-thumbnail","hentry","category-info-general","tag-agua","tag-barranqueras","tag-capitanich","tag-castelli","tag-cloacas","tag-energia-electrica","tag-gobernacion","tag-pavimento","tag-piquete","tag-resistencia","tag-urbanizacion","tag-usurpacion","tag-viviendas"],"_links":{"self":[{"href":"https:\/\/hdpnoticias.com.ar\/index.php?rest_route=\/wp\/v2\/posts\/4071","targetHints":{"allow":["GET"]}}],"collection":[{"href":"https:\/\/hdpnoticias.com.ar\/index.php?rest_route=\/wp\/v2\/posts"}],"about":[{"href":"https:\/\/hdpnoticias.com.ar\/index.php?rest_route=\/wp\/v2\/types\/post"}],"author":[{"embeddable":true,"href":"https:\/\/hdpnoticias.com.ar\/index.php?rest_route=\/wp\/v2\/users\/1"}],"replies":[{"embeddable":true,"href":"https:\/\/hdpnoticias.com.ar\/index.php?rest_route=%2Fwp%2Fv2%2Fcomments&post=4071"}],"version-history":[{"count":1,"href":"https:\/\/hdpnoticias.com.ar\/index.php?rest_route=\/wp\/v2\/posts\/4071\/revisions"}],"predecessor-version":[{"id":4073,"href":"https:\/\/hdpnoticias.com.ar\/index.php?rest_route=\/wp\/v2\/posts\/4071\/revisions\/4073"}],"wp:featuredmedia":[{"embeddable":true,"href":"https:\/\/hdpnoticias.com.ar\/index.php?rest_route=\/wp\/v2\/media\/4072"}],"wp:attachment":[{"href":"https:\/\/hdpnoticias.com.ar\/index.php?rest_route=%2Fwp%2Fv2%2Fmedia&parent=4071"}],"wp:term":[{"taxonomy":"category","embeddable":true,"href":"https:\/\/hdpnoticias.com.ar\/index.php?rest_route=%2Fwp%2Fv2%2Fcategories&post=4071"},{"taxonomy":"post_tag","embeddable":true,"href":"https:\/\/hdpnoticias.com.ar\/index.php?rest_route=%2Fwp%2Fv2%2Ftags&post=4071"}],"curies":[{"name":"wp","href":"https:\/\/api.w.org\/{rel}","templated":true}]}}