{"id":4059,"date":"2023-09-09T15:46:31","date_gmt":"2023-09-09T18:46:31","guid":{"rendered":"http:\/\/hdpnoticias.com.ar\/?p=4059"},"modified":"2023-09-09T15:46:34","modified_gmt":"2023-09-09T18:46:34","slug":"motociclista-murio-al-caer-en-la-avenida-castelli","status":"publish","type":"post","link":"https:\/\/hdpnoticias.com.ar\/?p=4059","title":{"rendered":"Motociclista muri\u00f3 al caer en la avenida Castelli"},"content":{"rendered":"\n<p>Gabriel Enrique Rejalaga, de 38 a\u00f1os, muri\u00f3 la ma\u00f1ana de este s\u00e1bado, alrededor de las 7:15, en un accidente de tr\u00e1nsito en la avenida Castelli al 3600, en la zona sur de Resistencia.<\/p>\n\n\n\n<p>Volv\u00eda a Resistencia desde Barranqueras en una Honda Fan 125, cuando, al parecer, perdi\u00f3 el control e impact\u00f3 primero contra la platabanda central y despu\u00e9s contra una columna de alumbrado.<\/p>\n\n\n\n<p>En el choque \u00e9l cay\u00f3 sobre el carril contrario y la moto termin\u00f3 unos 20 metros m\u00e1s adelante. Muri\u00f3 en el acto.<\/p>\n\n\n\n<p>Se supo que trabajaba de noche y a esa hora volv\u00eda a su casa del barrio Espa\u00f1a.<\/p>\n\n\n\n<p>Aunque los peritos no hallaron indicios de la intervenci\u00f3n de un tercero en el siniestro, esta hip\u00f3tesis no est\u00e1 descartada y se investigan las c\u00e1maras de seguridad de la zona para determinar si intervino alg\u00fan otro veh\u00edculo que lo roz\u00f3 o si algo lo oblig\u00f3 a realizar una maniobra brusca.<\/p>\n","protected":false},"excerpt":{"rendered":"<p>Gabriel Enrique Rejalaga, de 38 a\u00f1os, muri\u00f3 la ma\u00f1ana de este s\u00e1bado, alrededor de las 7:15, en un accidente de tr\u00e1nsito en la avenida Castelli al 3600, en la zona sur de Resistencia. Volv\u00eda a Resistencia desde Barranqueras en una Honda Fan 125, cuando, al parecer, perdi\u00f3 el control e impact\u00f3 primero contra la platabanda [&hellip;]<\/p>\n","protected":false},"author":1,"featured_media":4060,"comment_status":"open","ping_status":"open","sticky":false,"template":"","format":"standard","meta":{"footnotes":""},"categories":[26],"tags":[322,53,2440,2441,445,2439,100,652,97],"class_list":{"0":"post-4059","1":"post","2":"type-post","3":"status-publish","4":"format-standard","5":"has-post-thumbnail","6":"hentry","7":"category-policiales","8":"tag-accidente","9":"tag-barranqueras","11":"tag-fan","12":"tag-honda","13":"tag-restistencia","14":"tag-tragedia","15":"tag-transito-2","16":"tag-zona-sur"},"_links":{"self":[{"href":"https:\/\/hdpnoticias.com.ar\/index.php?rest_route=\/wp\/v2\/posts\/4059","targetHints":{"allow":["GET"]}}],"collection":[{"href":"https:\/\/hdpnoticias.com.ar\/index.php?rest_route=\/wp\/v2\/posts"}],"about":[{"href":"https:\/\/hdpnoticias.com.ar\/index.php?rest_route=\/wp\/v2\/types\/post"}],"author":[{"embeddable":true,"href":"https:\/\/hdpnoticias.com.ar\/index.php?rest_route=\/wp\/v2\/users\/1"}],"replies":[{"embeddable":true,"href":"https:\/\/hdpnoticias.com.ar\/index.php?rest_route=%2Fwp%2Fv2%2Fcomments&post=4059"}],"version-history":[{"count":1,"href":"https:\/\/hdpnoticias.com.ar\/index.php?rest_route=\/wp\/v2\/posts\/4059\/revisions"}],"predecessor-version":[{"id":4061,"href":"https:\/\/hdpnoticias.com.ar\/index.php?rest_route=\/wp\/v2\/posts\/4059\/revisions\/4061"}],"wp:featuredmedia":[{"embeddable":true,"href":"https:\/\/hdpnoticias.com.ar\/index.php?rest_route=\/wp\/v2\/media\/4060"}],"wp:attachment":[{"href":"https:\/\/hdpnoticias.com.ar\/index.php?rest_route=%2Fwp%2Fv2%2Fmedia&parent=4059"}],"wp:term":[{"taxonomy":"category","embeddable":true,"href":"https:\/\/hdpnoticias.com.ar\/index.php?rest_route=%2Fwp%2Fv2%2Fcategories&post=4059"},{"taxonomy":"post_tag","embeddable":true,"href":"https:\/\/hdpnoticias.com.ar\/index.php?rest_route=%2Fwp%2Fv2%2Ftags&post=4059"}],"curies":[{"name":"wp","href":"https:\/\/api.w.org\/{rel}","templated":true}]}}