{"id":405,"date":"2023-01-17T06:43:11","date_gmt":"2023-01-17T09:43:11","guid":{"rendered":"http:\/\/hdpnoticias.com.ar\/?p=405"},"modified":"2023-02-10T07:35:46","modified_gmt":"2023-02-10T10:35:46","slug":"sameep-cambios-en-el-directorio-despues-del-agua-chocolatada-en-el-interior","status":"publish","type":"post","link":"https:\/\/hdpnoticias.com.ar\/?p=405","title":{"rendered":"Sameep: cambios en el Directorio despu\u00e9s del agua &#8220;chocolatada&#8221; en el interior"},"content":{"rendered":"\n<p>El gobernador Jorge Capitanich desplaz\u00f3 de la presidencia de Sameep a Gustavo D\u2019Alessandro, seg\u00fan se anunci\u00f3 la tarde del lunes y se efectivizar\u00e1 este martes.<\/p>\n\n\n\n<p>Canteros es actual secretaria general de la Gobernaci\u00f3n y tiene a su cargo varias \u00e1reas del Poder Ejecutivo y ocup\u00f3 otros cargos de manera interina.<\/p>\n\n\n\n<p>D\u2019Alessandro seguir\u00e1 ocupando cargos p\u00fablicos, ya que regresar\u00e1 a su lugar como vocal de la Administraci\u00f3n Provincial del Agua.<\/p>\n\n\n\n<p>El movimiento en el Directorio de Sameep se da en medio de una crisis por el desabastecimiento de agua potable, principalmente en el interior, que se agudiz\u00f3 en las \u00faltimas semanas en que el l\u00edquido lleg\u00f3 pr\u00e1cticamente crudo hasta Presidencia Roque S\u00e1enz Pe\u00f1a sin que hubiera explicaciones oficiales al respecto.<\/p>\n","protected":false},"excerpt":{"rendered":"<p>El gobernador Jorge Capitanich desplaz\u00f3 de la presidencia de Sameep a Gustavo D\u2019Alessandro, seg\u00fan se anunci\u00f3 la tarde del lunes y se efectivizar\u00e1 este martes. Canteros es actual secretaria general de la Gobernaci\u00f3n y tiene a su cargo varias \u00e1reas del Poder Ejecutivo y ocup\u00f3 otros cargos de manera interina. D\u2019Alessandro seguir\u00e1 ocupando cargos p\u00fablicos, [&hellip;]<\/p>\n","protected":false},"author":1,"featured_media":406,"comment_status":"open","ping_status":"open","sticky":false,"template":"","format":"standard","meta":{"footnotes":""},"categories":[27],"tags":[121,120,29,122,119,95,118],"class_list":["post-405","post","type-post","status-publish","format-standard","has-post-thumbnail","hentry","category-politica","tag-agua","tag-canteros","tag-capitanich","tag-chocolatada","tag-dalessandro","tag-saenz-pena","tag-sameep"],"_links":{"self":[{"href":"https:\/\/hdpnoticias.com.ar\/index.php?rest_route=\/wp\/v2\/posts\/405","targetHints":{"allow":["GET"]}}],"collection":[{"href":"https:\/\/hdpnoticias.com.ar\/index.php?rest_route=\/wp\/v2\/posts"}],"about":[{"href":"https:\/\/hdpnoticias.com.ar\/index.php?rest_route=\/wp\/v2\/types\/post"}],"author":[{"embeddable":true,"href":"https:\/\/hdpnoticias.com.ar\/index.php?rest_route=\/wp\/v2\/users\/1"}],"replies":[{"embeddable":true,"href":"https:\/\/hdpnoticias.com.ar\/index.php?rest_route=%2Fwp%2Fv2%2Fcomments&post=405"}],"version-history":[{"count":3,"href":"https:\/\/hdpnoticias.com.ar\/index.php?rest_route=\/wp\/v2\/posts\/405\/revisions"}],"predecessor-version":[{"id":784,"href":"https:\/\/hdpnoticias.com.ar\/index.php?rest_route=\/wp\/v2\/posts\/405\/revisions\/784"}],"wp:featuredmedia":[{"embeddable":true,"href":"https:\/\/hdpnoticias.com.ar\/index.php?rest_route=\/wp\/v2\/media\/406"}],"wp:attachment":[{"href":"https:\/\/hdpnoticias.com.ar\/index.php?rest_route=%2Fwp%2Fv2%2Fmedia&parent=405"}],"wp:term":[{"taxonomy":"category","embeddable":true,"href":"https:\/\/hdpnoticias.com.ar\/index.php?rest_route=%2Fwp%2Fv2%2Fcategories&post=405"},{"taxonomy":"post_tag","embeddable":true,"href":"https:\/\/hdpnoticias.com.ar\/index.php?rest_route=%2Fwp%2Fv2%2Ftags&post=405"}],"curies":[{"name":"wp","href":"https:\/\/api.w.org\/{rel}","templated":true}]}}