{"id":3995,"date":"2023-09-05T10:20:31","date_gmt":"2023-09-05T13:20:31","guid":{"rendered":"http:\/\/hdpnoticias.com.ar\/?p=3995"},"modified":"2023-09-05T10:20:35","modified_gmt":"2023-09-05T13:20:35","slug":"video-la-vivio-de-adentro-gyoker-le-recordo-a-perez-pons-su-reciente-pasado-macrista","status":"publish","type":"post","link":"https:\/\/hdpnoticias.com.ar\/?p=3995","title":{"rendered":"VIDEO | La vivi\u00f3 de adentro: Gyoker le record\u00f3 a P\u00e9rez Pons su reciente pasado macrista"},"content":{"rendered":"\n<p>Los candidatos que encabezan las listas de diputados provinciales de las 4 principales fuerzas provinciales volvieron a medirse la noche del lunes en el segundo debate hacia las elecciones del 17 de septiembre.<\/p>\n\n\n\n<p>El ministro de Planificaci\u00f3n, Econom\u00eda e Infraestructura de la Provincia: Santiago P\u00e9rez Pons, del oficialista Frente Chaque\u00f1o; Iv\u00e1n Gyoker, de Juntos por el Cambio; Agust\u00edn Romero, presidente del Concejo Municipal de Resistencia, candidato de la Corriente de Expresi\u00f3n Renovada; y el diputado Jaime Parra Moreno, del Frente Integrador, expusieron sus propuestas.<\/p>\n\n\n\n<p>P\u00e9rez Pons plante\u00f3 insistentemente el parang\u00f3n de \u201clos 2 modelos de pa\u00eds\u201d comparando lo que considera el rotundo fracaso de la presidencia de Mauricio Macri y el \u00e9xito del gobierno actual.<\/p>\n\n\n\n<p>As\u00ed, subray\u00f3 la \u201cdestrucci\u00f3n\u201d del empleo durante los 4 a\u00f1os de gobierno de Juntos por el Cambio a nivel nacional y en el Chaco, siempre en tercera persona.<\/p>\n\n\n\n<p>En una de esas oportunidades, Gyoker le record\u00f3 su pasado macrista: \u201cEl ministro se habr\u00e1 olvidado que \u00e9l era economista del PRO en ese momento\u201d, le chant\u00f3.<\/p>\n\n\n\n<p>El candidato de Juntos hac\u00eda referencia a los cargos que ocup\u00f3 P\u00e9rez Pons durante los 4 a\u00f1os de macrismo, antes de recalar en el equipo de Mart\u00edn Guzm\u00e1n, desde donde vol\u00f3 para asumir como ministro de Capitanich.<\/p>\n\n\n\n<p>Justamente, durante el primer tramo de la presidencia de Macri fue asesor econ\u00f3mico del Ministerio de Desarrollo Productivo. Y abril de 2017 fue director de Planificaci\u00f3n Estrat\u00e9gica del gobierno de Mar\u00eda Eugenia Vidal en la Provincia de Buenos Aires, y un a\u00f1o despu\u00e9s asumi\u00f3 como jefe de gabinete de Planificaci\u00f3n y Coordinaci\u00f3n de la Gesti\u00f3n, el \u00e1rea encargada recortar el gasto.<\/p>\n\n\n\n<p>Cronol\u00f3gicamente, el candidato a primer diputado provincial del Frente Chaque\u00f1o del gobernador Capitanich, a pesar de remontarse a 2007 para hablar de \u201cnuestra gesti\u00f3n\u201d, tiene m\u00e1s antig\u00fcedad en el macrismo que en el peronismo.<\/p>\n\n\n\n<iframe loading=\"lazy\" src=\"https:\/\/www.facebook.com\/plugins\/video.php?height=314&#038;href=https%3A%2F%2Fwww.facebook.com%2Fhdpchaco%2Fvideos%2F1329719207673003%2F&#038;show_text=false&#038;width=560&#038;t=0\" width=\"560\" height=\"314\" style=\"border:none;overflow:hidden\" scrolling=\"no\" frameborder=\"0\" allowfullscreen=\"true\" allow=\"autoplay; clipboard-write; encrypted-media; picture-in-picture; web-share\" allowFullScreen=\"true\"><\/iframe>\n","protected":false},"excerpt":{"rendered":"<p>Los candidatos que encabezan las listas de diputados provinciales de las 4 principales fuerzas provinciales volvieron a medirse la noche del lunes en el segundo debate hacia las elecciones del 17 de septiembre. El ministro de Planificaci\u00f3n, Econom\u00eda e Infraestructura de la Provincia: Santiago P\u00e9rez Pons, del oficialista Frente Chaque\u00f1o; Iv\u00e1n Gyoker, de Juntos por [&hellip;]<\/p>\n","protected":false},"author":1,"featured_media":3996,"comment_status":"open","ping_status":"open","sticky":false,"template":"","format":"standard","meta":{"footnotes":""},"categories":[27],"tags":[29,37,71,2410,450,195,640,235,558,573],"class_list":["post-3995","post","type-post","status-publish","format-standard","has-post-thumbnail","hentry","category-politica","tag-capitanich","tag-chaco","tag-diputados","tag-gyoker-2","tag-juntos-por-el-cambio","tag-macri","tag-macrismo","tag-perez-pons","tag-pro","tag-vidal"],"_links":{"self":[{"href":"https:\/\/hdpnoticias.com.ar\/index.php?rest_route=\/wp\/v2\/posts\/3995","targetHints":{"allow":["GET"]}}],"collection":[{"href":"https:\/\/hdpnoticias.com.ar\/index.php?rest_route=\/wp\/v2\/posts"}],"about":[{"href":"https:\/\/hdpnoticias.com.ar\/index.php?rest_route=\/wp\/v2\/types\/post"}],"author":[{"embeddable":true,"href":"https:\/\/hdpnoticias.com.ar\/index.php?rest_route=\/wp\/v2\/users\/1"}],"replies":[{"embeddable":true,"href":"https:\/\/hdpnoticias.com.ar\/index.php?rest_route=%2Fwp%2Fv2%2Fcomments&post=3995"}],"version-history":[{"count":1,"href":"https:\/\/hdpnoticias.com.ar\/index.php?rest_route=\/wp\/v2\/posts\/3995\/revisions"}],"predecessor-version":[{"id":3997,"href":"https:\/\/hdpnoticias.com.ar\/index.php?rest_route=\/wp\/v2\/posts\/3995\/revisions\/3997"}],"wp:featuredmedia":[{"embeddable":true,"href":"https:\/\/hdpnoticias.com.ar\/index.php?rest_route=\/wp\/v2\/media\/3996"}],"wp:attachment":[{"href":"https:\/\/hdpnoticias.com.ar\/index.php?rest_route=%2Fwp%2Fv2%2Fmedia&parent=3995"}],"wp:term":[{"taxonomy":"category","embeddable":true,"href":"https:\/\/hdpnoticias.com.ar\/index.php?rest_route=%2Fwp%2Fv2%2Fcategories&post=3995"},{"taxonomy":"post_tag","embeddable":true,"href":"https:\/\/hdpnoticias.com.ar\/index.php?rest_route=%2Fwp%2Fv2%2Ftags&post=3995"}],"curies":[{"name":"wp","href":"https:\/\/api.w.org\/{rel}","templated":true}]}}