{"id":3969,"date":"2023-09-03T19:23:20","date_gmt":"2023-09-03T22:23:20","guid":{"rendered":"http:\/\/hdpnoticias.com.ar\/?p=3969"},"modified":"2023-09-04T09:31:02","modified_gmt":"2023-09-04T12:31:02","slug":"vandalismo-detuvieron-al-hombre-que-rompio-la-puerta-del-pj","status":"publish","type":"post","link":"https:\/\/hdpnoticias.com.ar\/?p=3969","title":{"rendered":"Vandalismo: detuvieron al hombre que rompi\u00f3 la puerta del PJ"},"content":{"rendered":"\n<p>Este domingo alrededor de las 8 un hombre arroj\u00f3 un trozo de ladrillo contra uno de los cristales de la puerta de acceso a la sede del Partido Justicialista, en la esquina de la calle Mitre y avenida Rivadavia, en pleno microcentro de Resistencia, a una cuadra de la Comisar\u00eda Segunda.<\/p>\n\n\n\n<p>Con los datos aportados por los testigos y las grabaciones de las c\u00e1maras de seguridad, los polic\u00edas recorrieron la zona y lograron detenerlo a 2 cuadras del lugar del hecho, cuando intentaba forzar puertas de varios veh\u00edculos, uno de ellos perteneciente al Instituto de Ciencia, Tecnolog\u00eda e Innovaci\u00f3n del Chaco.<\/p>\n\n\n\n<p>Fue identificado, tiene 28 a\u00f1os. Se iniciaron actuaciones por \u201cda\u00f1os\u201d contra la sede partidaria y \u201cda\u00f1os contra bienes del Estado\u201d, en el caso del veh\u00edculo oficial.<\/p>\n\n\n\n<p>Desde el PJ se adelant\u00f3 un comunicado apuntando a \u201ccandidatos opositores\u201d y los \u201cdiscursos de odio en los medios de comunicaci\u00f3n\u201d, y consideraron que se trat\u00f3 de un \u201catentado contra los principios democr\u00e1ticos\u201d.<\/p>\n","protected":false},"excerpt":{"rendered":"<p>Este domingo alrededor de las 8 un hombre arroj\u00f3 un trozo de ladrillo contra uno de los cristales de la puerta de acceso a la sede del Partido Justicialista, en la esquina de la calle Mitre y avenida Rivadavia, en pleno microcentro de Resistencia, a una cuadra de la Comisar\u00eda Segunda. Con los datos aportados [&hellip;]<\/p>\n","protected":false},"author":1,"featured_media":3970,"comment_status":"open","ping_status":"open","sticky":false,"template":"","format":"standard","meta":{"footnotes":""},"categories":[26],"tags":[2146,248,811],"class_list":["post-3969","post","type-post","status-publish","format-standard","has-post-thumbnail","hentry","category-policiales","tag-partido-justicialista","tag-pj","tag-vandalismo"],"_links":{"self":[{"href":"https:\/\/hdpnoticias.com.ar\/index.php?rest_route=\/wp\/v2\/posts\/3969","targetHints":{"allow":["GET"]}}],"collection":[{"href":"https:\/\/hdpnoticias.com.ar\/index.php?rest_route=\/wp\/v2\/posts"}],"about":[{"href":"https:\/\/hdpnoticias.com.ar\/index.php?rest_route=\/wp\/v2\/types\/post"}],"author":[{"embeddable":true,"href":"https:\/\/hdpnoticias.com.ar\/index.php?rest_route=\/wp\/v2\/users\/1"}],"replies":[{"embeddable":true,"href":"https:\/\/hdpnoticias.com.ar\/index.php?rest_route=%2Fwp%2Fv2%2Fcomments&post=3969"}],"version-history":[{"count":2,"href":"https:\/\/hdpnoticias.com.ar\/index.php?rest_route=\/wp\/v2\/posts\/3969\/revisions"}],"predecessor-version":[{"id":3988,"href":"https:\/\/hdpnoticias.com.ar\/index.php?rest_route=\/wp\/v2\/posts\/3969\/revisions\/3988"}],"wp:featuredmedia":[{"embeddable":true,"href":"https:\/\/hdpnoticias.com.ar\/index.php?rest_route=\/wp\/v2\/media\/3970"}],"wp:attachment":[{"href":"https:\/\/hdpnoticias.com.ar\/index.php?rest_route=%2Fwp%2Fv2%2Fmedia&parent=3969"}],"wp:term":[{"taxonomy":"category","embeddable":true,"href":"https:\/\/hdpnoticias.com.ar\/index.php?rest_route=%2Fwp%2Fv2%2Fcategories&post=3969"},{"taxonomy":"post_tag","embeddable":true,"href":"https:\/\/hdpnoticias.com.ar\/index.php?rest_route=%2Fwp%2Fv2%2Ftags&post=3969"}],"curies":[{"name":"wp","href":"https:\/\/api.w.org\/{rel}","templated":true}]}}