{"id":3800,"date":"2023-08-22T19:31:00","date_gmt":"2023-08-22T22:31:00","guid":{"rendered":"http:\/\/hdpnoticias.com.ar\/?p=3800"},"modified":"2023-09-13T04:44:23","modified_gmt":"2023-09-13T07:44:23","slug":"saqueos-anibal-culpo-a-alguien-y-la-vocera-presidencial-acuso-a-milei","status":"publish","type":"post","link":"https:\/\/hdpnoticias.com.ar\/?p=3800","title":{"rendered":"Saqueos: An\u00edbal culp\u00f3 a \u201calguien\u201d y la vocera presidencial acus\u00f3 a Milei"},"content":{"rendered":"\n<p>El \u00faltimo fin de semana hubo robos con la modalidad \u201cpira\u00f1a\u201d en supermercados de Mendoza, Neuqu\u00e9n y C\u00f3rdoba, que r\u00e1pidamente se difundieron como \u201csaqueos\u201d y el temor se extendi\u00f3 a otras provincias.<\/p>\n\n\n\n<p>Este martes hubo varios episodios en municipios bonaerenses, donde fueron saqueados supermercados y locales de venta de ropa y electrodom\u00e9sticos.<\/p>\n\n\n\n<p>En algunos casos hay detenidos, varios de ellos menores de edad, y la Polic\u00eda logr\u00f3 recuperar parte de lo robado.<\/p>\n\n\n\n<p>Como respuesta a esta situaci\u00f3n que ya genera zozobra, el Ministerio de Seguridad de la Provincia, que encabeza Sergio Berni, dispuso que todo el personal policial permanezca alerta y disponible para actuar ante el llamado de la superioridad.<\/p>\n\n\n\n<p>Antes, el ministro de Seguridad de la Naci\u00f3n: An\u00edbal Fern\u00e1ndez, hab\u00eda relativizado la cuesti\u00f3n y le atribuy\u00f3 el \u201carmado\u201d de saqueos a \u201calguien\u201d interesado en generar una situaci\u00f3n de caos que, seg\u00fan \u00e9l, no tendr\u00eda raz\u00f3n de ser.<\/p>\n\n\n\n<p>Pero, a trav\u00e9s de las redes sociales, la vocera presidencial Gabriela Cerruti dijo que se incentivan saqueos desde grupos de WhatsApp \u201ctodos pertenecientes a La Libertad Avanza, de Javier Milei\u201d.<\/p>\n\n\n\n<p>Mientras, comerciantes aut\u00f3nomos e incluso grandes cadenas de supermercados, decid\u00edan cerrar sus puertas de manera anticipada ante el temor de sufrir ataques.<\/p>\n","protected":false},"excerpt":{"rendered":"<p>El \u00faltimo fin de semana hubo robos con la modalidad \u201cpira\u00f1a\u201d en supermercados de Mendoza, Neuqu\u00e9n y C\u00f3rdoba, que r\u00e1pidamente se difundieron como \u201csaqueos\u201d y el temor se extendi\u00f3 a otras provincias. Este martes hubo varios episodios en municipios bonaerenses, donde fueron saqueados supermercados y locales de venta de ropa y electrodom\u00e9sticos. En algunos casos [&hellip;]<\/p>\n","protected":false},"author":1,"featured_media":3801,"comment_status":"open","ping_status":"open","sticky":false,"template":"","format":"standard","meta":{"footnotes":""},"categories":[27],"tags":[858,1130,2308,2307,1196,829,567],"class_list":["post-3800","post","type-post","status-publish","format-standard","has-post-thumbnail","hentry","category-politica","tag-anibal","tag-berni","tag-cerruti","tag-prana","tag-robos","tag-saqueos","tag-supermercados"],"_links":{"self":[{"href":"https:\/\/hdpnoticias.com.ar\/index.php?rest_route=\/wp\/v2\/posts\/3800","targetHints":{"allow":["GET"]}}],"collection":[{"href":"https:\/\/hdpnoticias.com.ar\/index.php?rest_route=\/wp\/v2\/posts"}],"about":[{"href":"https:\/\/hdpnoticias.com.ar\/index.php?rest_route=\/wp\/v2\/types\/post"}],"author":[{"embeddable":true,"href":"https:\/\/hdpnoticias.com.ar\/index.php?rest_route=\/wp\/v2\/users\/1"}],"replies":[{"embeddable":true,"href":"https:\/\/hdpnoticias.com.ar\/index.php?rest_route=%2Fwp%2Fv2%2Fcomments&post=3800"}],"version-history":[{"count":3,"href":"https:\/\/hdpnoticias.com.ar\/index.php?rest_route=\/wp\/v2\/posts\/3800\/revisions"}],"predecessor-version":[{"id":4156,"href":"https:\/\/hdpnoticias.com.ar\/index.php?rest_route=\/wp\/v2\/posts\/3800\/revisions\/4156"}],"wp:featuredmedia":[{"embeddable":true,"href":"https:\/\/hdpnoticias.com.ar\/index.php?rest_route=\/wp\/v2\/media\/3801"}],"wp:attachment":[{"href":"https:\/\/hdpnoticias.com.ar\/index.php?rest_route=%2Fwp%2Fv2%2Fmedia&parent=3800"}],"wp:term":[{"taxonomy":"category","embeddable":true,"href":"https:\/\/hdpnoticias.com.ar\/index.php?rest_route=%2Fwp%2Fv2%2Fcategories&post=3800"},{"taxonomy":"post_tag","embeddable":true,"href":"https:\/\/hdpnoticias.com.ar\/index.php?rest_route=%2Fwp%2Fv2%2Ftags&post=3800"}],"curies":[{"name":"wp","href":"https:\/\/api.w.org\/{rel}","templated":true}]}}