{"id":3770,"date":"2023-08-19T22:27:13","date_gmt":"2023-08-20T01:27:13","guid":{"rendered":"http:\/\/hdpnoticias.com.ar\/?p=3770"},"modified":"2023-09-13T04:52:51","modified_gmt":"2023-09-13T07:52:51","slug":"capitanich-nostalgico-en-la-convertibilidad-no-habia-inflacion","status":"publish","type":"post","link":"https:\/\/hdpnoticias.com.ar\/?p=3770","title":{"rendered":"Capitanich nost\u00e1lgico: En la convertibilidad no hab\u00eda inflaci\u00f3n"},"content":{"rendered":"\n<p>El gobernador Jorge Capitanich encabez\u00f3 la noche de este s\u00e1bado el acto de habilitaci\u00f3n de la repavimentaci\u00f3n de la diagonal Eva Per\u00f3n, en Barranqueras, y aprovech\u00f3 la oportunidad para pedir \u201creconocimiento\u201d por su gesti\u00f3n a trav\u00e9s del voto en las elecciones del pr\u00f3ximo 17 de septiembre, en las que buscar\u00e1 la reelecci\u00f3n y su cuarto mandato.<\/p>\n\n\n\n<p>Al ponderar el esfuerzo financiero para ejecutar la obra, dijo que en el pa\u00eds \u201chay condiciones de incertidumbre\u201d, con \u201cproblemas de variaci\u00f3n de precios, de redeterminaci\u00f3n de precios, de asignaci\u00f3n de flujo financiero\u2026\u201d, entre otros factores.<\/p>\n\n\n\n<p>As\u00ed, el\u00edpticamente, admiti\u00f3 la inflaci\u00f3n que los analistas estimaban que superar\u00eda el 140% anual, a la que se le sum\u00f3 la devaluaci\u00f3n del 22% del \u00faltimo lunes tras la derrota del frente oficialista Unidad por la Patria en las Paso del domingo pasado.<\/p>\n\n\n\n<p>No obstante, dijo que su gesti\u00f3n se concentra en \u201ccuidar el bolsillo\u201d de los chaque\u00f1os, como llam\u00f3 a la refinanciaci\u00f3n de las deudas de los empleados p\u00fablicos con el NBCH, y al programa de descuentos con tarjeta Tuya, m\u00e1s el incremento del 8% en agosto y el 12 en septiembre. Aunque no aclar\u00f3 que esto s\u00f3lo alcanza a los trabajadores estatales clientes del NBCH.<\/p>\n\n\n\n<p>\u201cEso no lo olviden, porque muchos se confunden ahora que se habla de dolarizaci\u00f3n, y de convertibilidad\u201d, dijo, en alusi\u00f3n a <strong><a href=\"http:\/\/hdpnoticias.com.ar\/?p=1888\">las propuestas del Javier Milei, candidato a presidente por La Libertad Avanza, ganador de las Paso<\/a><\/strong>. Y record\u00f3 que \u201cdurante la convertibilidad no hab\u00eda inflaci\u00f3n\u201d. Esto, en alusi\u00f3n al \u201c1 a 1\u201d, base de la pol\u00edtica econ\u00f3mica del gobierno de Carlos Menem, del que \u00e9l fue funcionario.<\/p>\n\n\n\n<p>Pero r\u00e1pidamente asever\u00f3 que durante la convertibilidad los salarios rondaban el 50% de los actuales, por lo que \u201cse pod\u00eda comprar la mitad de las cosas que se compran hoy\u201d.<\/p>\n\n\n\n<p>Al final, compar\u00f3: \u201cTodos los gobiernos tuvieron las mismas posibilidades que nosotros, pero s\u00f3lo nosotros pudimos hacer cosas, por una sencilla raz\u00f3n: porque trabajamos\u201d. \u201cCuando se trabaja, se logran resultados. Y cuando se logran resultados tambi\u00e9n es necesario merecer el reconocimiento del pueblo chaque\u00f1o a trav\u00e9s de su voto el pr\u00f3ximo 17 de septiembre\u201d, remat\u00f3.<\/p>\n","protected":false},"excerpt":{"rendered":"<p>El gobernador Jorge Capitanich encabez\u00f3 la noche de este s\u00e1bado el acto de habilitaci\u00f3n de la repavimentaci\u00f3n de la diagonal Eva Per\u00f3n, en Barranqueras, y aprovech\u00f3 la oportunidad para pedir \u201creconocimiento\u201d por su gesti\u00f3n a trav\u00e9s del voto en las elecciones del pr\u00f3ximo 17 de septiembre, en las que buscar\u00e1 la reelecci\u00f3n y su cuarto [&hellip;]<\/p>\n","protected":false},"author":1,"featured_media":3771,"comment_status":"open","ping_status":"open","sticky":false,"template":"","format":"standard","meta":{"footnotes":""},"categories":[27],"tags":[2292,53,29,1383,2251,1384,343,239,287,1319],"class_list":["post-3770","post","type-post","status-publish","format-standard","has-post-thumbnail","hentry","category-politica","tag-1-a-1","tag-barranqueras","tag-capitanich","tag-convertibilidad","tag-devaluacion","tag-dolarizacion","tag-eva-peron","tag-inflacion","tag-menem","tag-milei"],"_links":{"self":[{"href":"https:\/\/hdpnoticias.com.ar\/index.php?rest_route=\/wp\/v2\/posts\/3770","targetHints":{"allow":["GET"]}}],"collection":[{"href":"https:\/\/hdpnoticias.com.ar\/index.php?rest_route=\/wp\/v2\/posts"}],"about":[{"href":"https:\/\/hdpnoticias.com.ar\/index.php?rest_route=\/wp\/v2\/types\/post"}],"author":[{"embeddable":true,"href":"https:\/\/hdpnoticias.com.ar\/index.php?rest_route=\/wp\/v2\/users\/1"}],"replies":[{"embeddable":true,"href":"https:\/\/hdpnoticias.com.ar\/index.php?rest_route=%2Fwp%2Fv2%2Fcomments&post=3770"}],"version-history":[{"count":4,"href":"https:\/\/hdpnoticias.com.ar\/index.php?rest_route=\/wp\/v2\/posts\/3770\/revisions"}],"predecessor-version":[{"id":4164,"href":"https:\/\/hdpnoticias.com.ar\/index.php?rest_route=\/wp\/v2\/posts\/3770\/revisions\/4164"}],"wp:featuredmedia":[{"embeddable":true,"href":"https:\/\/hdpnoticias.com.ar\/index.php?rest_route=\/wp\/v2\/media\/3771"}],"wp:attachment":[{"href":"https:\/\/hdpnoticias.com.ar\/index.php?rest_route=%2Fwp%2Fv2%2Fmedia&parent=3770"}],"wp:term":[{"taxonomy":"category","embeddable":true,"href":"https:\/\/hdpnoticias.com.ar\/index.php?rest_route=%2Fwp%2Fv2%2Fcategories&post=3770"},{"taxonomy":"post_tag","embeddable":true,"href":"https:\/\/hdpnoticias.com.ar\/index.php?rest_route=%2Fwp%2Fv2%2Ftags&post=3770"}],"curies":[{"name":"wp","href":"https:\/\/api.w.org\/{rel}","templated":true}]}}