{"id":3723,"date":"2023-08-17T21:37:35","date_gmt":"2023-08-18T00:37:35","guid":{"rendered":"http:\/\/hdpnoticias.com.ar\/?p=3723"},"modified":"2023-09-13T04:56:36","modified_gmt":"2023-09-13T07:56:36","slug":"capitanich-anuncio-8-de-aumento-para-amortiguar-la-inflacion-y-la-devaluacion-de-22","status":"publish","type":"post","link":"https:\/\/hdpnoticias.com.ar\/?p=3723","title":{"rendered":"Capitanich anunci\u00f3 8% de aumento para amortiguar la inflaci\u00f3n y la devaluaci\u00f3n de 22%"},"content":{"rendered":"\n<p>El gobernador Jorge Capitanich anunci\u00f3 este jueves un incremento salarial \u201cextraordinario\u201d de 8% para personal de la administraci\u00f3n central y los poderes Judicial y Legislativo, que se har\u00e1 efectivo a partir de agosto.<\/p>\n\n\n\n<p>As\u00ed aspira a compensar el desfasaje provocado por el salto devaluatorio de 22% implementado por el Gobierno nacional el lunes a primera hora, tras la derrota en las primarias abiertas, simult\u00e1neas y obligatorias en las que el frente oficialista Uni\u00f3n por la Patria que postula al ministro de Econom\u00eda: Sergio Massa, qued\u00f3 relegado al tercer lugar.<\/p>\n\n\n\n<p>Para los docentes el plan es adelantar el 8% en concepto de adelanto de la pr\u00f3xima actualizaci\u00f3n por la implementaci\u00f3n de la cl\u00e1usula gatillo acordada en paritarias.<\/p>\n\n\n\n<p>En octubre habr\u00e1 otro incremento del 12%.<\/p>\n","protected":false},"excerpt":{"rendered":"<p>El gobernador Jorge Capitanich anunci\u00f3 este jueves un incremento salarial \u201cextraordinario\u201d de 8% para personal de la administraci\u00f3n central y los poderes Judicial y Legislativo, que se har\u00e1 efectivo a partir de agosto. As\u00ed aspira a compensar el desfasaje provocado por el salto devaluatorio de 22% implementado por el Gobierno nacional el lunes a primera [&hellip;]<\/p>\n","protected":false},"author":1,"featured_media":3724,"comment_status":"open","ping_status":"open","sticky":false,"template":"","format":"standard","meta":{"footnotes":""},"categories":[27],"tags":[29,2251,140,502,239,289,501,245,504,1898],"class_list":["post-3723","post","type-post","status-publish","format-standard","has-post-thumbnail","hentry","category-politica","tag-capitanich","tag-devaluacion","tag-docentes","tag-gatillo","tag-inflacion","tag-massa","tag-paritarias","tag-primarias","tag-salarios","tag-union-por-la-patria"],"_links":{"self":[{"href":"https:\/\/hdpnoticias.com.ar\/index.php?rest_route=\/wp\/v2\/posts\/3723","targetHints":{"allow":["GET"]}}],"collection":[{"href":"https:\/\/hdpnoticias.com.ar\/index.php?rest_route=\/wp\/v2\/posts"}],"about":[{"href":"https:\/\/hdpnoticias.com.ar\/index.php?rest_route=\/wp\/v2\/types\/post"}],"author":[{"embeddable":true,"href":"https:\/\/hdpnoticias.com.ar\/index.php?rest_route=\/wp\/v2\/users\/1"}],"replies":[{"embeddable":true,"href":"https:\/\/hdpnoticias.com.ar\/index.php?rest_route=%2Fwp%2Fv2%2Fcomments&post=3723"}],"version-history":[{"count":3,"href":"https:\/\/hdpnoticias.com.ar\/index.php?rest_route=\/wp\/v2\/posts\/3723\/revisions"}],"predecessor-version":[{"id":4168,"href":"https:\/\/hdpnoticias.com.ar\/index.php?rest_route=\/wp\/v2\/posts\/3723\/revisions\/4168"}],"wp:featuredmedia":[{"embeddable":true,"href":"https:\/\/hdpnoticias.com.ar\/index.php?rest_route=\/wp\/v2\/media\/3724"}],"wp:attachment":[{"href":"https:\/\/hdpnoticias.com.ar\/index.php?rest_route=%2Fwp%2Fv2%2Fmedia&parent=3723"}],"wp:term":[{"taxonomy":"category","embeddable":true,"href":"https:\/\/hdpnoticias.com.ar\/index.php?rest_route=%2Fwp%2Fv2%2Fcategories&post=3723"},{"taxonomy":"post_tag","embeddable":true,"href":"https:\/\/hdpnoticias.com.ar\/index.php?rest_route=%2Fwp%2Fv2%2Ftags&post=3723"}],"curies":[{"name":"wp","href":"https:\/\/api.w.org\/{rel}","templated":true}]}}