{"id":3720,"date":"2023-08-17T16:12:55","date_gmt":"2023-08-17T19:12:55","guid":{"rendered":"http:\/\/hdpnoticias.com.ar\/?p=3720"},"modified":"2023-08-17T16:12:58","modified_gmt":"2023-08-17T19:12:58","slug":"megaoperativo-policial-antipiquete-en-casa-de-gobierno-16-detenidos","status":"publish","type":"post","link":"https:\/\/hdpnoticias.com.ar\/?p=3720","title":{"rendered":"Megaoperativo policial antipiquete en Casa de Gobierno: 16 detenidos"},"content":{"rendered":"\n<p>Un descomunal operativo mont\u00f3 la Polic\u00eda del Chaco la ma\u00f1ana de este jueves para evitar una manifestaci\u00f3n frente a la Casa de Gobierno.<\/p>\n\n\n\n<p>Como todos los d\u00edas, alrededor de las 9:30 varias organizaciones sociales comenzaron a concentrarse en inmediaciones de la plaza 25 de Mayo para protestar contra el Gobierno provincial por la falta de respuestas a sus demandas de asistencia.<\/p>\n\n\n\n<p>Como se propuso la gesti\u00f3n del gobernador Jorge Capitanich tras el resultado adverso del Frente Chaque\u00f1o en las elecciones primarias del 18 de junio, la Polic\u00eda intent\u00f3 impedir que los manifestantes ocupen la calle.<\/p>\n\n\n\n<p>Pero en un momento el cord\u00f3n policial fue superado por los piqueteros que interrumpieron el tr\u00e1nsito en la esquina de las calles Mitre y Marcelo Torcuato de Alvear, lo que dispar\u00f3 el despliegue de cientos de efectivos de varias divisiones armados con escopetas y gases, m\u00e1s un carro hidrante.<\/p>\n\n\n\n<p>Todos los recursos se emplearon en el objetivo de despejar la v\u00eda p\u00fablica. Hubo desmanes y corridas varias cuadras a la redonda, una situaci\u00f3n que gener\u00f3 preocupaci\u00f3n en comerciantes y transe\u00fantes de toda la zona.<\/p>\n\n\n\n<p>El saldo del operativo fue de 16 personas detenidas, de ambos sexos, entre ellas 3 menores de edad.<\/p>\n","protected":false},"excerpt":{"rendered":"<p>Un descomunal operativo mont\u00f3 la Polic\u00eda del Chaco la ma\u00f1ana de este jueves para evitar una manifestaci\u00f3n frente a la Casa de Gobierno. Como todos los d\u00edas, alrededor de las 9:30 varias organizaciones sociales comenzaron a concentrarse en inmediaciones de la plaza 25 de Mayo para protestar contra el Gobierno provincial por la falta de [&hellip;]<\/p>\n","protected":false},"author":1,"featured_media":3721,"comment_status":"open","ping_status":"open","sticky":false,"template":"","format":"standard","meta":{"footnotes":""},"categories":[6],"tags":[2276,37,589,246,1052,659,432,55],"class_list":["post-3720","post","type-post","status-publish","format-standard","has-post-thumbnail","hentry","category-info-general","tag-casa-de-gobierrno","tag-chaco","tag-desalojo","tag-elecciones","tag-frente-chaqueno","tag-manifestantes","tag-piquete","tag-policia"],"_links":{"self":[{"href":"https:\/\/hdpnoticias.com.ar\/index.php?rest_route=\/wp\/v2\/posts\/3720","targetHints":{"allow":["GET"]}}],"collection":[{"href":"https:\/\/hdpnoticias.com.ar\/index.php?rest_route=\/wp\/v2\/posts"}],"about":[{"href":"https:\/\/hdpnoticias.com.ar\/index.php?rest_route=\/wp\/v2\/types\/post"}],"author":[{"embeddable":true,"href":"https:\/\/hdpnoticias.com.ar\/index.php?rest_route=\/wp\/v2\/users\/1"}],"replies":[{"embeddable":true,"href":"https:\/\/hdpnoticias.com.ar\/index.php?rest_route=%2Fwp%2Fv2%2Fcomments&post=3720"}],"version-history":[{"count":1,"href":"https:\/\/hdpnoticias.com.ar\/index.php?rest_route=\/wp\/v2\/posts\/3720\/revisions"}],"predecessor-version":[{"id":3722,"href":"https:\/\/hdpnoticias.com.ar\/index.php?rest_route=\/wp\/v2\/posts\/3720\/revisions\/3722"}],"wp:featuredmedia":[{"embeddable":true,"href":"https:\/\/hdpnoticias.com.ar\/index.php?rest_route=\/wp\/v2\/media\/3721"}],"wp:attachment":[{"href":"https:\/\/hdpnoticias.com.ar\/index.php?rest_route=%2Fwp%2Fv2%2Fmedia&parent=3720"}],"wp:term":[{"taxonomy":"category","embeddable":true,"href":"https:\/\/hdpnoticias.com.ar\/index.php?rest_route=%2Fwp%2Fv2%2Fcategories&post=3720"},{"taxonomy":"post_tag","embeddable":true,"href":"https:\/\/hdpnoticias.com.ar\/index.php?rest_route=%2Fwp%2Fv2%2Ftags&post=3720"}],"curies":[{"name":"wp","href":"https:\/\/api.w.org\/{rel}","templated":true}]}}