{"id":3705,"date":"2023-08-16T16:13:59","date_gmt":"2023-08-16T19:13:59","guid":{"rendered":"http:\/\/hdpnoticias.com.ar\/?p=3705"},"modified":"2023-09-13T04:58:17","modified_gmt":"2023-09-13T07:58:17","slug":"fuerte-dispositivo-policial-para-frenar-las-protestas-en-el-microcentro-de-resistencia","status":"publish","type":"post","link":"https:\/\/hdpnoticias.com.ar\/?p=3705","title":{"rendered":"Fuerte dispositivo policial para frenar las protestas en el microcentro de Resistencia"},"content":{"rendered":"\n<p>\u201cNo vamos a permitir la interrupci\u00f3n del tr\u00e1nsito\u201d, dijo una vez m\u00e1s el ministro de Gobierno y Trabajo: Juan Manuel Chapo en su rol de vocero del Gobierno provincial, al referirse a las manifestaciones diarias de las organizaciones sociales frente a la Casa de Gobierno y puntos clave de Resistencia.<\/p>\n\n\n\n<p>Como cada vez que el resultado electoral le fue adverso, tal el caso de las primarias provinciales del 18 de junio, el gobernador Jorge Capitanich dijo haber escuchado \u201cel mensaje de las urnas\u201d e interpret\u00f3 que la gente est\u00e1 harta de los piquetes.<\/p>\n\n\n\n<p>Pero las protestas no se interrumpieron y todos los d\u00edas decenas de movimientos, fundaciones y cooperativas llevan su reclamo de asistencia social al microcentro de la ciudad.<\/p>\n\n\n\n<p>Chapo record\u00f3 que est\u00e1n vigentes las normas que determinan el protocolo de actuaci\u00f3n ante las manifestaciones, y asegur\u00f3 que la Polic\u00eda intervendr\u00e1 conforme a la modalidad de cada protesta.<\/p>\n\n\n\n<p>As\u00ed, este mi\u00e9rcoles la fuerza despleg\u00f3 cientos de efectivos para evitar la interrupci\u00f3n del tr\u00e1nsito y contener a los manifestantes sobre la plaza 25 de Mayo y las veredas en torno a la misma, como en la esquina de la Casa de las Culturas.<\/p>\n\n\n\n<p>El dispositivo resuelve un problema pero ocasiona otro, al destinar a las manifestaciones personal policial que, de acuerdo al nuevo Plan Integral de Seguridad, deber\u00eda estar estrictamente abocado a combatir la delincuencia.<\/p>\n","protected":false},"excerpt":{"rendered":"<p>\u201cNo vamos a permitir la interrupci\u00f3n del tr\u00e1nsito\u201d, dijo una vez m\u00e1s el ministro de Gobierno y Trabajo: Juan Manuel Chapo en su rol de vocero del Gobierno provincial, al referirse a las manifestaciones diarias de las organizaciones sociales frente a la Casa de Gobierno y puntos clave de Resistencia. Como cada vez que el [&hellip;]<\/p>\n","protected":false},"author":1,"featured_media":3706,"comment_status":"open","ping_status":"open","sticky":false,"template":"","format":"standard","meta":{"footnotes":""},"categories":[6],"tags":[29,246,36,999,2268,692,55,245,1250,2248],"class_list":["post-3705","post","type-post","status-publish","format-standard","has-post-thumbnail","hentry","category-info-general","tag-capitanich","tag-elecciones","tag-gobierno","tag-inseguridad","tag-manifestaciones","tag-piquetes","tag-policia","tag-primarias","tag-protestas","tag-urnas"],"_links":{"self":[{"href":"https:\/\/hdpnoticias.com.ar\/index.php?rest_route=\/wp\/v2\/posts\/3705","targetHints":{"allow":["GET"]}}],"collection":[{"href":"https:\/\/hdpnoticias.com.ar\/index.php?rest_route=\/wp\/v2\/posts"}],"about":[{"href":"https:\/\/hdpnoticias.com.ar\/index.php?rest_route=\/wp\/v2\/types\/post"}],"author":[{"embeddable":true,"href":"https:\/\/hdpnoticias.com.ar\/index.php?rest_route=\/wp\/v2\/users\/1"}],"replies":[{"embeddable":true,"href":"https:\/\/hdpnoticias.com.ar\/index.php?rest_route=%2Fwp%2Fv2%2Fcomments&post=3705"}],"version-history":[{"count":3,"href":"https:\/\/hdpnoticias.com.ar\/index.php?rest_route=\/wp\/v2\/posts\/3705\/revisions"}],"predecessor-version":[{"id":4170,"href":"https:\/\/hdpnoticias.com.ar\/index.php?rest_route=\/wp\/v2\/posts\/3705\/revisions\/4170"}],"wp:featuredmedia":[{"embeddable":true,"href":"https:\/\/hdpnoticias.com.ar\/index.php?rest_route=\/wp\/v2\/media\/3706"}],"wp:attachment":[{"href":"https:\/\/hdpnoticias.com.ar\/index.php?rest_route=%2Fwp%2Fv2%2Fmedia&parent=3705"}],"wp:term":[{"taxonomy":"category","embeddable":true,"href":"https:\/\/hdpnoticias.com.ar\/index.php?rest_route=%2Fwp%2Fv2%2Fcategories&post=3705"},{"taxonomy":"post_tag","embeddable":true,"href":"https:\/\/hdpnoticias.com.ar\/index.php?rest_route=%2Fwp%2Fv2%2Ftags&post=3705"}],"curies":[{"name":"wp","href":"https:\/\/api.w.org\/{rel}","templated":true}]}}