{"id":3647,"date":"2023-08-15T06:45:57","date_gmt":"2023-08-15T09:45:57","guid":{"rendered":"http:\/\/hdpnoticias.com.ar\/?p=3647"},"modified":"2023-08-15T06:45:59","modified_gmt":"2023-08-15T09:45:59","slug":"video-grabois-apoyara-al-exsinverguenza-exvendepatria-y-excagador-de-massa","status":"publish","type":"post","link":"https:\/\/hdpnoticias.com.ar\/?p=3647","title":{"rendered":"VIDEO | Grabois apoyar\u00e1 al exsinverg\u00fcenza, exvendepatria y excagador de Massa"},"content":{"rendered":"\n<p>El dirigente kirchnerista Juan Grabois hab\u00eda adelantado rotundamente su rechazo a una eventual candidatura presidencial del ministro de Econom\u00eda: Sergio Massa, en los d\u00edas en que se discut\u00eda la f\u00f3rmula de Uni\u00f3n por la Patria.<\/p>\n\n\n\n<p>Tan firme era su convicci\u00f3n que jur\u00f3 que no pondr\u00eda un voto para Massa ni por expreso pedido de Cristina, ni siquiera a cambio de las listas de candidatos a diputados y senadores completas.<\/p>\n\n\n\n<p>\u201cNi en pedo vamos a votar a este sinverg\u00fcenza, vendepatria y cagador de Massa\u201d, dijo. Y para que quede claro decidi\u00f3 enfrentarlo en las urnas en las paso del \u00faltimo domingo.<\/p>\n\n\n\n<p>Pero pasaron cosas, por ejemplo: Massa le gan\u00f3. Y Grabois subi\u00f3 al palco del b\u00fanker con su peor cara y prometi\u00f3 acompa\u00f1ar la f\u00f3rmula oficial, pero exigi\u00f3 que Massa haga lo contrario a lo que ten\u00eda en mente.<\/p>\n\n\n\n<iframe loading=\"lazy\" src=\"https:\/\/www.facebook.com\/plugins\/video.php?height=476&#038;href=https%3A%2F%2Fwww.facebook.com%2Fhdpchaco%2Fvideos%2F329994402691081%2F&#038;show_text=false&#038;width=379&#038;t=0\" width=\"379\" height=\"476\" style=\"border:none;overflow:hidden\" scrolling=\"no\" frameborder=\"0\" allowfullscreen=\"true\" allow=\"autoplay; clipboard-write; encrypted-media; picture-in-picture; web-share\" allowFullScreen=\"true\"><\/iframe>\n","protected":false},"excerpt":{"rendered":"<p>El dirigente kirchnerista Juan Grabois hab\u00eda adelantado rotundamente su rechazo a una eventual candidatura presidencial del ministro de Econom\u00eda: Sergio Massa, en los d\u00edas en que se discut\u00eda la f\u00f3rmula de Uni\u00f3n por la Patria. Tan firme era su convicci\u00f3n que jur\u00f3 que no pondr\u00eda un voto para Massa ni por expreso pedido de Cristina, [&hellip;]<\/p>\n","protected":false},"author":1,"featured_media":3648,"comment_status":"open","ping_status":"open","sticky":false,"template":"","format":"standard","meta":{"footnotes":""},"categories":[1],"tags":[2258,453,2257,1898,2259],"class_list":["post-3647","post","type-post","status-publish","format-standard","has-post-thumbnail","hentry","category-pescado-podrido","tag-cagador","tag-cristina","tag-grabois","tag-union-por-la-patria","tag-vendepatria"],"_links":{"self":[{"href":"https:\/\/hdpnoticias.com.ar\/index.php?rest_route=\/wp\/v2\/posts\/3647","targetHints":{"allow":["GET"]}}],"collection":[{"href":"https:\/\/hdpnoticias.com.ar\/index.php?rest_route=\/wp\/v2\/posts"}],"about":[{"href":"https:\/\/hdpnoticias.com.ar\/index.php?rest_route=\/wp\/v2\/types\/post"}],"author":[{"embeddable":true,"href":"https:\/\/hdpnoticias.com.ar\/index.php?rest_route=\/wp\/v2\/users\/1"}],"replies":[{"embeddable":true,"href":"https:\/\/hdpnoticias.com.ar\/index.php?rest_route=%2Fwp%2Fv2%2Fcomments&post=3647"}],"version-history":[{"count":1,"href":"https:\/\/hdpnoticias.com.ar\/index.php?rest_route=\/wp\/v2\/posts\/3647\/revisions"}],"predecessor-version":[{"id":3649,"href":"https:\/\/hdpnoticias.com.ar\/index.php?rest_route=\/wp\/v2\/posts\/3647\/revisions\/3649"}],"wp:featuredmedia":[{"embeddable":true,"href":"https:\/\/hdpnoticias.com.ar\/index.php?rest_route=\/wp\/v2\/media\/3648"}],"wp:attachment":[{"href":"https:\/\/hdpnoticias.com.ar\/index.php?rest_route=%2Fwp%2Fv2%2Fmedia&parent=3647"}],"wp:term":[{"taxonomy":"category","embeddable":true,"href":"https:\/\/hdpnoticias.com.ar\/index.php?rest_route=%2Fwp%2Fv2%2Fcategories&post=3647"},{"taxonomy":"post_tag","embeddable":true,"href":"https:\/\/hdpnoticias.com.ar\/index.php?rest_route=%2Fwp%2Fv2%2Ftags&post=3647"}],"curies":[{"name":"wp","href":"https:\/\/api.w.org\/{rel}","templated":true}]}}