{"id":3635,"date":"2023-08-13T22:37:43","date_gmt":"2023-08-14T01:37:43","guid":{"rendered":"http:\/\/hdpnoticias.com.ar\/?p=3635"},"modified":"2023-08-13T22:37:45","modified_gmt":"2023-08-14T01:37:45","slug":"capitanich-ya-se-compara-con-milei-yo-plantee-la-misma-propuesta-economica","status":"publish","type":"post","link":"https:\/\/hdpnoticias.com.ar\/?p=3635","title":{"rendered":"Capitanich ya se compara con Milei: Yo plante\u00e9 la misma propuesta econ\u00f3mica"},"content":{"rendered":"\n<p>El gobernador Jorge Capitanich defini\u00f3 como \u201cexpresi\u00f3n ciudadana libre y democr\u00e1tica\u201d el respaldo electoral obtenido por Javier Milei, precandidato a presidente por La Libertad Avanza, tanto a nivel nacional como en Chaco, aunque a esa hora a\u00fan no hab\u00eda datos oficiales del escrutinio.<\/p>\n\n\n\n<p>\u201cEs un fen\u00f3meno pol\u00edtico para tenerlo en cuenta. La ciudadan\u00eda dijo : Queremos que se discuta esto\u201d, a\u00f1adi\u00f3, y opin\u00f3 que \u201cla \u00fanica propuesta econ\u00f3mica m\u00e1s contundente ha sido la de Milei\u201d.<\/p>\n\n\n\n<p>Y en el mismo tono, se compar\u00f3: \u201cYo la hab\u00eda trabajado en mi libro \u201cArgentina merece m\u00e1s\u201d.<\/p>\n\n\n\n<p>Pero aclar\u00f3 que \u201ctampoco da este escenario para generar ciertos liderazgos hegem\u00f3nicos, sino democr\u00e1ticos, para pensar la magnitud de los problemas y situar a Argentina en el escenario internacional\u201d.<\/p>\n\n\n\n<p>\u201cEsta elecci\u00f3n pone en evidencia que la gente quiere un nuevo ritmo en materia econ\u00f3mica, no soporta la inflaci\u00f3n, la licuaci\u00f3n de ingresos y salarios\u201d, complet\u00f3, intentando interpretar el resultado electoral.<\/p>\n\n\n\n<p>El parang\u00f3n trazado por el gobernador sorprende despu\u00e9s de haber intentado tomar la mayor distancia ideol\u00f3gica posible de Javier Milei, sobre todo en cuestiones referidas a la tercerizaci\u00f3n de responsabilidades del Estado, como la propuesta de <strong><a href=\"http:\/\/hdpnoticias.com.ar\/?p=1888\">\u201cvouchers\u201d educativos, aunque el modelo es id\u00e9ntico al planteado por \u00e9l en su \u00e9poca de funcionario menemista en su libro \u201cLa sumergida\u201d<\/a><\/strong>.<\/p>\n","protected":false},"excerpt":{"rendered":"<p>El gobernador Jorge Capitanich defini\u00f3 como \u201cexpresi\u00f3n ciudadana libre y democr\u00e1tica\u201d el respaldo electoral obtenido por Javier Milei, precandidato a presidente por La Libertad Avanza, tanto a nivel nacional como en Chaco, aunque a esa hora a\u00fan no hab\u00eda datos oficiales del escrutinio. \u201cEs un fen\u00f3meno pol\u00edtico para tenerlo en cuenta. La ciudadan\u00eda dijo : [&hellip;]<\/p>\n","protected":false},"author":1,"featured_media":3636,"comment_status":"open","ping_status":"open","sticky":false,"template":"","format":"standard","meta":{"footnotes":""},"categories":[27],"tags":[29,246,239,1329,1319,2249,454,237,1327],"class_list":["post-3635","post","type-post","status-publish","format-standard","has-post-thumbnail","hentry","category-politica","tag-capitanich","tag-elecciones","tag-inflacion","tag-libertad-avanza","tag-milei","tag-peluca","tag-presidente","tag-salario","tag-voucher"],"_links":{"self":[{"href":"https:\/\/hdpnoticias.com.ar\/index.php?rest_route=\/wp\/v2\/posts\/3635","targetHints":{"allow":["GET"]}}],"collection":[{"href":"https:\/\/hdpnoticias.com.ar\/index.php?rest_route=\/wp\/v2\/posts"}],"about":[{"href":"https:\/\/hdpnoticias.com.ar\/index.php?rest_route=\/wp\/v2\/types\/post"}],"author":[{"embeddable":true,"href":"https:\/\/hdpnoticias.com.ar\/index.php?rest_route=\/wp\/v2\/users\/1"}],"replies":[{"embeddable":true,"href":"https:\/\/hdpnoticias.com.ar\/index.php?rest_route=%2Fwp%2Fv2%2Fcomments&post=3635"}],"version-history":[{"count":1,"href":"https:\/\/hdpnoticias.com.ar\/index.php?rest_route=\/wp\/v2\/posts\/3635\/revisions"}],"predecessor-version":[{"id":3637,"href":"https:\/\/hdpnoticias.com.ar\/index.php?rest_route=\/wp\/v2\/posts\/3635\/revisions\/3637"}],"wp:featuredmedia":[{"embeddable":true,"href":"https:\/\/hdpnoticias.com.ar\/index.php?rest_route=\/wp\/v2\/media\/3636"}],"wp:attachment":[{"href":"https:\/\/hdpnoticias.com.ar\/index.php?rest_route=%2Fwp%2Fv2%2Fmedia&parent=3635"}],"wp:term":[{"taxonomy":"category","embeddable":true,"href":"https:\/\/hdpnoticias.com.ar\/index.php?rest_route=%2Fwp%2Fv2%2Fcategories&post=3635"},{"taxonomy":"post_tag","embeddable":true,"href":"https:\/\/hdpnoticias.com.ar\/index.php?rest_route=%2Fwp%2Fv2%2Ftags&post=3635"}],"curies":[{"name":"wp","href":"https:\/\/api.w.org\/{rel}","templated":true}]}}