{"id":3629,"date":"2023-08-13T20:43:42","date_gmt":"2023-08-13T23:43:42","guid":{"rendered":"http:\/\/hdpnoticias.com.ar\/?p=3629"},"modified":"2023-08-13T20:43:43","modified_gmt":"2023-08-13T23:43:43","slug":"otra-camioneta-oficial-involucrada-en-un-accidente-en-el-impenetrable","status":"publish","type":"post","link":"https:\/\/hdpnoticias.com.ar\/?p=3629","title":{"rendered":"Otra camioneta oficial involucrada en un accidente en El Impenetrable"},"content":{"rendered":"\n<p>La tarde del \u00faltimo viernes <strong><a href=\"http:\/\/hdpnoticias.com.ar\/?p=3602\">una camioneta de Vialidad Provincial atropell\u00f3 y mat\u00f3 a 2 hermanos de 14 y 17 a\u00f1os<\/a><\/strong> que circulaban en motocicleta por la ruta Juana Azurduy, a unos 75 kil\u00f3metros de Fuerte Esperanza, en El Impenetrable.<\/p>\n\n\n\n<p>El veh\u00edculo regresaba de una serie de actos encabezados por el gobernador Jorge Capitanich en esa zona.<\/p>\n\n\n\n<p>El Gobierno inform\u00f3 a trav\u00e9s el sitio oficial de la Polic\u00eda del Chaco, sobre un siniestro fatal provocado por una \u201cToyota Hilux\u201d.<\/p>\n\n\n\n<p>Ahora se conoci\u00f3 otro accidente protagonizado por otra camioneta oficial, el mismo d\u00eda y en la misma ruta, pero minutos despu\u00e9s de las 8.<\/p>\n\n\n\n<p>Se trata de una Toyota Hilux gris, del Ministerio de Planificaci\u00f3n, Econom\u00eda e Infraestructura, que integraba la comitiva de avanzada de los actos del gobernador.<\/p>\n\n\n\n<p>De acuerdo a los trascendidos, el conductor, de 29 a\u00f1os, perdi\u00f3 el control del veh\u00edculo que despist\u00f3 y termin\u00f3 embistiendo los postes de un alamambrado.<\/p>\n\n\n\n<p>Ni \u00e9l ni las 2 personas que lo acompa\u00f1aban sufrieron lesiones, y s\u00f3lo la camioneta sufri\u00f3 severos da\u00f1os.<\/p>\n","protected":false},"excerpt":{"rendered":"<p>La tarde del \u00faltimo viernes una camioneta de Vialidad Provincial atropell\u00f3 y mat\u00f3 a 2 hermanos de 14 y 17 a\u00f1os que circulaban en motocicleta por la ruta Juana Azurduy, a unos 75 kil\u00f3metros de Fuerte Esperanza, en El Impenetrable. El veh\u00edculo regresaba de una serie de actos encabezados por el gobernador Jorge Capitanich en [&hellip;]<\/p>\n","protected":false},"author":1,"featured_media":3630,"comment_status":"open","ping_status":"open","sticky":false,"template":"","format":"standard","meta":{"footnotes":""},"categories":[26],"tags":[322,29,417,93,1001,391,2230,390],"class_list":["post-3629","post","type-post","status-publish","format-standard","has-post-thumbnail","hentry","category-policiales","tag-accidente","tag-capitanich","tag-el-impenetrable","tag-fatal","tag-fuerte-esperanza","tag-hilux","tag-juana-azurduy","tag-toyota"],"_links":{"self":[{"href":"https:\/\/hdpnoticias.com.ar\/index.php?rest_route=\/wp\/v2\/posts\/3629","targetHints":{"allow":["GET"]}}],"collection":[{"href":"https:\/\/hdpnoticias.com.ar\/index.php?rest_route=\/wp\/v2\/posts"}],"about":[{"href":"https:\/\/hdpnoticias.com.ar\/index.php?rest_route=\/wp\/v2\/types\/post"}],"author":[{"embeddable":true,"href":"https:\/\/hdpnoticias.com.ar\/index.php?rest_route=\/wp\/v2\/users\/1"}],"replies":[{"embeddable":true,"href":"https:\/\/hdpnoticias.com.ar\/index.php?rest_route=%2Fwp%2Fv2%2Fcomments&post=3629"}],"version-history":[{"count":1,"href":"https:\/\/hdpnoticias.com.ar\/index.php?rest_route=\/wp\/v2\/posts\/3629\/revisions"}],"predecessor-version":[{"id":3631,"href":"https:\/\/hdpnoticias.com.ar\/index.php?rest_route=\/wp\/v2\/posts\/3629\/revisions\/3631"}],"wp:featuredmedia":[{"embeddable":true,"href":"https:\/\/hdpnoticias.com.ar\/index.php?rest_route=\/wp\/v2\/media\/3630"}],"wp:attachment":[{"href":"https:\/\/hdpnoticias.com.ar\/index.php?rest_route=%2Fwp%2Fv2%2Fmedia&parent=3629"}],"wp:term":[{"taxonomy":"category","embeddable":true,"href":"https:\/\/hdpnoticias.com.ar\/index.php?rest_route=%2Fwp%2Fv2%2Fcategories&post=3629"},{"taxonomy":"post_tag","embeddable":true,"href":"https:\/\/hdpnoticias.com.ar\/index.php?rest_route=%2Fwp%2Fv2%2Ftags&post=3629"}],"curies":[{"name":"wp","href":"https:\/\/api.w.org\/{rel}","templated":true}]}}