{"id":3567,"date":"2023-08-09T22:40:38","date_gmt":"2023-08-10T01:40:38","guid":{"rendered":"http:\/\/hdpnoticias.com.ar\/?p=3567"},"modified":"2023-08-09T22:50:49","modified_gmt":"2023-08-10T01:50:49","slug":"ecuador-acribillaron-al-candidato-presidencial-fernando-villavicencio","status":"publish","type":"post","link":"https:\/\/hdpnoticias.com.ar\/?p=3567","title":{"rendered":"Ecuador: acribillaron al candidato presidencial Fernando Villavicencio"},"content":{"rendered":"\n<p>El periodista Fernando Alcibiades Villavicencio Valencia, candidato a la Presidencia de Ecuador por el Movimiento Construye, fue acribillado la tarde de este mi\u00e9rcoles en Quito, a 10 d\u00edas de las elecciones.<\/p>\n\n\n\n<p>El dirigente sal\u00eda de una actividad pol\u00edtica rodeado de sus custodios y en medio de una multitud, y ascendi\u00f3 al autom\u00f3vil que lo trasladar\u00eda. Ah\u00ed mismo, y antes de cerrar la puerta, se escuch\u00f3 una seguidilla de disparos, 3 de los cuales impactaron en su cabeza y al menos 8 polic\u00edas que lo custodiaban y repelieron la agresi\u00f3n, resultaron heridos.<\/p>\n\n\n\n<p>En el inicio de la investigaci\u00f3n se dio por sentado que los autores del crimen fueron sicarios, y se observa con atenci\u00f3n a una banda narco que lo hab\u00eda amenazado en los \u00faltimos d\u00edas.<\/p>\n\n\n\n<p>\u201cPor su memoria y por su lucha, les aseguro que este crimen no va a quedar impune\u201d, escribi\u00f3 el presidente Guillermo Lasso, quien dijo estar \u201cindignado y consternado\u201d.<\/p>\n\n\n\n<p>El mandatario convoc\u00f3 de manera urgente al Consejo de Seguridad del Estado para evaluar lo sucedido, y asever\u00f3: \u201cEl crimen organizado ha llegado muy lejos, pero les va a caer todo el peso de la ley\u201d.<\/p>\n\n\n\n<p>Durante sus dos a\u00f1os como congresista, Villavicencio se dedic\u00f3 a fiscalizar varios casos de corrupci\u00f3n ocurridos durante el mandato de Rafael Correa, quien lo persigui\u00f3 durante su gobierno hasta que tuvo que refugiarse en la selva con una comunidad ind\u00edgena.<\/p>\n\n\n\n<p>El pasado 19 de mayo, el Movimiento Construye 25, de la ex ministra de gobierno, Mar\u00eda Paula Romo, anunci\u00f3 el respaldo a la candidatura de Villavicencio. Antes de incursionar en la pol\u00edtica, Villavicencio se dedicaba al periodismo de investigaci\u00f3n. Sus publicaciones sobre el caso Arroz Verde, como denomin\u00f3 a la trama de corrupci\u00f3n que incluy\u00f3 sobornos para financiar al extinto partido Alianza Pa\u00eds, fue clave para la apertura de la investigaci\u00f3n judicial que termin\u00f3 en la sentencia de algunos l\u00edderes corre\u00edstas incluyendo al ex presidente Rafael Correa, a su vicepresidente y a otros de sus funcionarios.<\/p>\n\n\n\n<p>Villavicencio, considerado el candidato \u201canticorre\u00edsta\u201d, participaba junto a Andrea Gonz\u00e1lez Nader, una joven guayaquile\u00f1a vinculada al activismo medioambiental.<\/p>\n\n\n\n<p>En septiembre de 2022 ya hab\u00eda sufrido un atentado cuando se encontraba en su casacon su familia. En ese momento consider\u00f3 que se trataba de una &#8220;respuesta\u201d por denunciar preseuntos v\u00ednculos entre el crimen organizado y c\u00e1rteles narcos con el corre\u00edsmo.<\/p>\n","protected":false},"excerpt":{"rendered":"<p>El periodista Fernando Alcibiades Villavicencio Valencia, candidato a la Presidencia de Ecuador por el Movimiento Construye, fue acribillado la tarde de este mi\u00e9rcoles en Quito, a 10 d\u00edas de las elecciones. El dirigente sal\u00eda de una actividad pol\u00edtica rodeado de sus custodios y en medio de una multitud, y ascendi\u00f3 al autom\u00f3vil que lo trasladar\u00eda. [&hellip;]<\/p>\n","protected":false},"author":1,"featured_media":3572,"comment_status":"open","ping_status":"open","sticky":false,"template":"","format":"standard","meta":{"footnotes":""},"categories":[27],"tags":[490,275,2150,2214,1720,2216,148,454,2215],"class_list":["post-3567","post","type-post","status-publish","format-standard","has-post-thumbnail","hentry","category-politica","tag-acribillado","tag-asesinato","tag-candidato","tag-correa","tag-ecuador","tag-lasso","tag-narcos","tag-presidente","tag-villavicencio"],"_links":{"self":[{"href":"https:\/\/hdpnoticias.com.ar\/index.php?rest_route=\/wp\/v2\/posts\/3567","targetHints":{"allow":["GET"]}}],"collection":[{"href":"https:\/\/hdpnoticias.com.ar\/index.php?rest_route=\/wp\/v2\/posts"}],"about":[{"href":"https:\/\/hdpnoticias.com.ar\/index.php?rest_route=\/wp\/v2\/types\/post"}],"author":[{"embeddable":true,"href":"https:\/\/hdpnoticias.com.ar\/index.php?rest_route=\/wp\/v2\/users\/1"}],"replies":[{"embeddable":true,"href":"https:\/\/hdpnoticias.com.ar\/index.php?rest_route=%2Fwp%2Fv2%2Fcomments&post=3567"}],"version-history":[{"count":1,"href":"https:\/\/hdpnoticias.com.ar\/index.php?rest_route=\/wp\/v2\/posts\/3567\/revisions"}],"predecessor-version":[{"id":3569,"href":"https:\/\/hdpnoticias.com.ar\/index.php?rest_route=\/wp\/v2\/posts\/3567\/revisions\/3569"}],"wp:featuredmedia":[{"embeddable":true,"href":"https:\/\/hdpnoticias.com.ar\/index.php?rest_route=\/wp\/v2\/media\/3572"}],"wp:attachment":[{"href":"https:\/\/hdpnoticias.com.ar\/index.php?rest_route=%2Fwp%2Fv2%2Fmedia&parent=3567"}],"wp:term":[{"taxonomy":"category","embeddable":true,"href":"https:\/\/hdpnoticias.com.ar\/index.php?rest_route=%2Fwp%2Fv2%2Fcategories&post=3567"},{"taxonomy":"post_tag","embeddable":true,"href":"https:\/\/hdpnoticias.com.ar\/index.php?rest_route=%2Fwp%2Fv2%2Ftags&post=3567"}],"curies":[{"name":"wp","href":"https:\/\/api.w.org\/{rel}","templated":true}]}}