{"id":3549,"date":"2023-08-08T15:59:12","date_gmt":"2023-08-08T18:59:12","guid":{"rendered":"http:\/\/hdpnoticias.com.ar\/?p=3549"},"modified":"2023-08-08T15:59:13","modified_gmt":"2023-08-08T18:59:13","slug":"mataron-de-un-tiro-en-la-cabeza-a-un-hombre-en-vilelas","status":"publish","type":"post","link":"https:\/\/hdpnoticias.com.ar\/?p=3549","title":{"rendered":"Mataron de un tiro en la cabeza a un hombre en Vilelas"},"content":{"rendered":"\n<p>Minutos despu\u00e9s de las 4 del lunes un hombre y una mujer llegaron en motocicleta a la comisar\u00eda de Puerto Vilelas con Emanuel S\u00e1nchez a cuestas, con una herida de bala en la cabeza.<\/p>\n\n\n\n<p>El herido, de 31 a\u00f1os, fue auxiliado y trasladado al hospital Eva Per\u00f3n, de Barranqueras, desde donde fue derivado al Perrando, de Resistencia. Ah\u00ed fue internado en terapia intensiva en estado desesperante.<\/p>\n\n\n\n<p>Mientras, la Polic\u00eda detuvo a 2 hombres de 30 y 34 a\u00f1os, sindicados como los agresores, uno de los cuales le dispar\u00f3.<\/p>\n\n\n\n<p>Por la tarde se inform\u00f3 que S\u00e1nchez presentaba un cuadro de muerte cerebral y finalmente muri\u00f3 poco antes de la medianoche.<\/p>\n\n\n\n<p><strong>Doma sangrienta<\/strong><\/p>\n\n\n\n<p>Es el segundo asesinato en pocas horas en Puerto Vilelas. La tarde del domingo Oscar Enciso, de 49 a\u00f1os, fue <strong><a href=\"http:\/\/hdpnoticias.com.ar\/?p=3526\" target=\"_blank\" rel=\"noreferrer noopener\">ultimado a cuchilladas<\/a><\/strong> en una pelea en plena jineteada.<\/p>\n","protected":false},"excerpt":{"rendered":"<p>Minutos despu\u00e9s de las 4 del lunes un hombre y una mujer llegaron en motocicleta a la comisar\u00eda de Puerto Vilelas con Emanuel S\u00e1nchez a cuestas, con una herida de bala en la cabeza. El herido, de 31 a\u00f1os, fue auxiliado y trasladado al hospital Eva Per\u00f3n, de Barranqueras, desde donde fue derivado al Perrando, [&hellip;]<\/p>\n","protected":false},"author":1,"featured_media":3550,"comment_status":"open","ping_status":"open","sticky":false,"template":"","format":"standard","meta":{"footnotes":""},"categories":[26],"tags":[87,328],"class_list":["post-3549","post","type-post","status-publish","format-standard","has-post-thumbnail","hentry","category-policiales","tag-crimen","tag-puerto-vilelas"],"_links":{"self":[{"href":"https:\/\/hdpnoticias.com.ar\/index.php?rest_route=\/wp\/v2\/posts\/3549","targetHints":{"allow":["GET"]}}],"collection":[{"href":"https:\/\/hdpnoticias.com.ar\/index.php?rest_route=\/wp\/v2\/posts"}],"about":[{"href":"https:\/\/hdpnoticias.com.ar\/index.php?rest_route=\/wp\/v2\/types\/post"}],"author":[{"embeddable":true,"href":"https:\/\/hdpnoticias.com.ar\/index.php?rest_route=\/wp\/v2\/users\/1"}],"replies":[{"embeddable":true,"href":"https:\/\/hdpnoticias.com.ar\/index.php?rest_route=%2Fwp%2Fv2%2Fcomments&post=3549"}],"version-history":[{"count":1,"href":"https:\/\/hdpnoticias.com.ar\/index.php?rest_route=\/wp\/v2\/posts\/3549\/revisions"}],"predecessor-version":[{"id":3551,"href":"https:\/\/hdpnoticias.com.ar\/index.php?rest_route=\/wp\/v2\/posts\/3549\/revisions\/3551"}],"wp:featuredmedia":[{"embeddable":true,"href":"https:\/\/hdpnoticias.com.ar\/index.php?rest_route=\/wp\/v2\/media\/3550"}],"wp:attachment":[{"href":"https:\/\/hdpnoticias.com.ar\/index.php?rest_route=%2Fwp%2Fv2%2Fmedia&parent=3549"}],"wp:term":[{"taxonomy":"category","embeddable":true,"href":"https:\/\/hdpnoticias.com.ar\/index.php?rest_route=%2Fwp%2Fv2%2Fcategories&post=3549"},{"taxonomy":"post_tag","embeddable":true,"href":"https:\/\/hdpnoticias.com.ar\/index.php?rest_route=%2Fwp%2Fv2%2Ftags&post=3549"}],"curies":[{"name":"wp","href":"https:\/\/api.w.org\/{rel}","templated":true}]}}