{"id":3533,"date":"2023-08-07T09:01:29","date_gmt":"2023-08-07T12:01:29","guid":{"rendered":"http:\/\/hdpnoticias.com.ar\/?p=3533"},"modified":"2023-08-07T09:03:02","modified_gmt":"2023-08-07T12:03:02","slug":"cero-onda-capitanich-le-dedico-un-minuto-a-la-campana-de-massa","status":"publish","type":"post","link":"https:\/\/hdpnoticias.com.ar\/?p=3533","title":{"rendered":"Cero onda: Capitanich le dedic\u00f3 un minuto a la campa\u00f1a de Massa"},"content":{"rendered":"\n<p>Sin disimular su nulo entusiasmo en la candidatura presidencial del ministro de Econom\u00eda de la Naci\u00f3n: Sergio Massa, el gobernador Jorge Capitanich emiti\u00f3 desde su despacho en la Casa de Gobierno un mensaje al electorado chaque\u00f1o pidiendo el respaldo para la f\u00f3rmula del frente Uni\u00f3n por la Patria en las elecciones primarias, abierta, simult\u00e1neas y obligatorias del domingo.<\/p>\n\n\n\n<p>Capitanich, de bien ganada fama por sus extensos discursos, esta vez se ubic\u00f3 en el otro extremo y, a pesar de la trascendencia del desaf\u00edo electoral para \u201cla continuidad del modelo\u201d, s\u00f3lo necesit\u00f3 un minuto y 33 segundos para destacar el \u00e9xito del gobierno de Alberto Fern\u00e1ndez y el fracaso de la oposici\u00f3n durante el gesti\u00f3n anterior.<\/p>\n\n\n\n<p>En la misma l\u00ednea, diferenci\u00f3 los \u201cmodelos\u201d de Uni\u00f3n por la Patria y Juntos por el Cambio.<\/p>\n\n\n\n<p>Por un lado, dijo que el frente opositor propone \u201cajuste brutal, cierre de industrias, aumento del desempleo y, por su puesto, agudizaci\u00f3n de las condiciones de pobreza\u201d.<\/p>\n\n\n\n<p>Y por el otro, en primera persona, elogi\u00f3 la propuesta de la f\u00f3rmula Massa-Rossi: \u201cNosotros proponemos la dignidad de la Rep\u00fablica Argentina, la defensa de la soberan\u00eda, la recuperaci\u00f3n sostenida del empleo y el desarrollo de base industrial\u201d.<\/p>\n\n\n\n<p>A modo de conclusi\u00f3n, dijo que \u201cellos ya demostraron lo que son capaces de hacer cuando gobernaron entre 2015 y 2019\u201d, mientras \u201cnosotros con la pandemia, con la guerra Ucrania-Rusia, con la peor sequ\u00eda de la historia, con todas las condiciones adversas, aun as\u00ed: estamos de pie\u201d. En el breve balance de la gesti\u00f3n de Alberto y Cristina Fern\u00e1ndez, omiti\u00f3 los indicadores oficiales de 60% de pobreza e inflaci\u00f3n r\u00e9cord que, desde la llegada de Massa a Econom\u00eda acum\u00f3 el 120% anual.<\/p>\n","protected":false},"excerpt":{"rendered":"<p>Sin disimular su nulo entusiasmo en la candidatura presidencial del ministro de Econom\u00eda de la Naci\u00f3n: Sergio Massa, el gobernador Jorge Capitanich emiti\u00f3 desde su despacho en la Casa de Gobierno un mensaje al electorado chaque\u00f1o pidiendo el respaldo para la f\u00f3rmula del frente Uni\u00f3n por la Patria en las elecciones primarias, abierta, simult\u00e1neas y [&hellip;]<\/p>\n","protected":false},"author":1,"featured_media":3534,"comment_status":"open","ping_status":"open","sticky":false,"template":"","format":"standard","meta":{"footnotes":""},"categories":[27],"tags":[68,29,453,239,450,289,694,1593,2198,1165,481,1898],"class_list":["post-3533","post","type-post","status-publish","format-standard","has-post-thumbnail","hentry","category-politica","tag-alberto","tag-capitanich","tag-cristina","tag-inflacion","tag-juntos-por-el-cambio","tag-massa","tag-pobreza","tag-rossi","tag-rusia","tag-sequia","tag-ucrania","tag-union-por-la-patria"],"_links":{"self":[{"href":"https:\/\/hdpnoticias.com.ar\/index.php?rest_route=\/wp\/v2\/posts\/3533","targetHints":{"allow":["GET"]}}],"collection":[{"href":"https:\/\/hdpnoticias.com.ar\/index.php?rest_route=\/wp\/v2\/posts"}],"about":[{"href":"https:\/\/hdpnoticias.com.ar\/index.php?rest_route=\/wp\/v2\/types\/post"}],"author":[{"embeddable":true,"href":"https:\/\/hdpnoticias.com.ar\/index.php?rest_route=\/wp\/v2\/users\/1"}],"replies":[{"embeddable":true,"href":"https:\/\/hdpnoticias.com.ar\/index.php?rest_route=%2Fwp%2Fv2%2Fcomments&post=3533"}],"version-history":[{"count":1,"href":"https:\/\/hdpnoticias.com.ar\/index.php?rest_route=\/wp\/v2\/posts\/3533\/revisions"}],"predecessor-version":[{"id":3535,"href":"https:\/\/hdpnoticias.com.ar\/index.php?rest_route=\/wp\/v2\/posts\/3533\/revisions\/3535"}],"wp:featuredmedia":[{"embeddable":true,"href":"https:\/\/hdpnoticias.com.ar\/index.php?rest_route=\/wp\/v2\/media\/3534"}],"wp:attachment":[{"href":"https:\/\/hdpnoticias.com.ar\/index.php?rest_route=%2Fwp%2Fv2%2Fmedia&parent=3533"}],"wp:term":[{"taxonomy":"category","embeddable":true,"href":"https:\/\/hdpnoticias.com.ar\/index.php?rest_route=%2Fwp%2Fv2%2Fcategories&post=3533"},{"taxonomy":"post_tag","embeddable":true,"href":"https:\/\/hdpnoticias.com.ar\/index.php?rest_route=%2Fwp%2Fv2%2Ftags&post=3533"}],"curies":[{"name":"wp","href":"https:\/\/api.w.org\/{rel}","templated":true}]}}