{"id":3519,"date":"2023-08-05T19:57:00","date_gmt":"2023-08-05T22:57:00","guid":{"rendered":"http:\/\/hdpnoticias.com.ar\/?p=3519"},"modified":"2023-08-05T22:01:43","modified_gmt":"2023-08-06T01:01:43","slug":"massa-critico-a-capitanich-por-discriminar-a-municipios-radicales","status":"publish","type":"post","link":"https:\/\/hdpnoticias.com.ar\/?p=3519","title":{"rendered":"Massa critic\u00f3 a Capitanich por \u201cdiscriminar a municipios radicales\u201d"},"content":{"rendered":"\n<p>\u201cEsa mala idea del l\u00e1tigo y la chequera. Si no sos de un partido no te dan la plata\u201d, expres\u00f3 Sergio Massa en Chaco, cuando recorr\u00eda el pa\u00eds construyendo su candidatura a presidente por el Frente Renovador en las elecciones de 2015, denunciando la \u201ccorrupci\u00f3n\u201d del segundo gobierno de Cristina Fern\u00e1ndez.<\/p>\n\n\n\n<p>As\u00ed se solidarizaba con la entonces intendente de Resistencia: A\u00edda Ayala, que le hab\u00eda descrito cierta discriminaci\u00f3n de parte del gobierno provincial durante el segundo mandato de Jorge Capitanich, a la hora de respaldar la gesti\u00f3n municipal.<\/p>\n\n\n\n<p>Ese d\u00eda la visit\u00f3 acompa\u00f1ado de Atlanto Honcheruk, que entonces era intendente de Villa Berthet y le prometi\u00f3 a Massa \u201clevantar las banderas del Frente Renovador\u201d. Hoy Atlanto es el jefe de la bancada del interbloque Frente de Todos.<\/p>\n\n\n\n<p>Ahora Massa amag\u00f3 volver al Chaco para cerrar con Capitanich el Congreso Provincial del Partido Justicialista el viernes pasado, ya en su calidad de precandidato a presidente de la Naci\u00f3n por el frente kirchnerista Uni\u00f3n por la Patria, impulsado por Cristina.<\/p>\n\n\n\n<p>Evidentemente, desde aquella visita hasta hoy, como dir\u00eda Macri: \u201cPasaron cosas\u201d.<\/p>\n","protected":false},"excerpt":{"rendered":"<p>\u201cEsa mala idea del l\u00e1tigo y la chequera. Si no sos de un partido no te dan la plata\u201d, expres\u00f3 Sergio Massa en Chaco, cuando recorr\u00eda el pa\u00eds construyendo su candidatura a presidente por el Frente Renovador en las elecciones de 2015, denunciando la \u201ccorrupci\u00f3n\u201d del segundo gobierno de Cristina Fern\u00e1ndez. As\u00ed se solidarizaba con [&hellip;]<\/p>\n","protected":false},"author":1,"featured_media":3520,"comment_status":"open","ping_status":"open","sticky":false,"template":"","format":"standard","meta":{"footnotes":""},"categories":[1],"tags":[1467,29,37,2191,291,453,2190,1523,2192,289,248,49,2189],"class_list":["post-3519","post","type-post","status-publish","format-standard","has-post-thumbnail","hentry","category-pescado-podrido","tag-aida","tag-capitanich","tag-chaco","tag-chequera","tag-corrupcion","tag-cristina","tag-discriminacion","tag-honcheruk","tag-latigo","tag-massa","tag-pj","tag-resistencia","tag-union"],"_links":{"self":[{"href":"https:\/\/hdpnoticias.com.ar\/index.php?rest_route=\/wp\/v2\/posts\/3519","targetHints":{"allow":["GET"]}}],"collection":[{"href":"https:\/\/hdpnoticias.com.ar\/index.php?rest_route=\/wp\/v2\/posts"}],"about":[{"href":"https:\/\/hdpnoticias.com.ar\/index.php?rest_route=\/wp\/v2\/types\/post"}],"author":[{"embeddable":true,"href":"https:\/\/hdpnoticias.com.ar\/index.php?rest_route=\/wp\/v2\/users\/1"}],"replies":[{"embeddable":true,"href":"https:\/\/hdpnoticias.com.ar\/index.php?rest_route=%2Fwp%2Fv2%2Fcomments&post=3519"}],"version-history":[{"count":1,"href":"https:\/\/hdpnoticias.com.ar\/index.php?rest_route=\/wp\/v2\/posts\/3519\/revisions"}],"predecessor-version":[{"id":3521,"href":"https:\/\/hdpnoticias.com.ar\/index.php?rest_route=\/wp\/v2\/posts\/3519\/revisions\/3521"}],"wp:featuredmedia":[{"embeddable":true,"href":"https:\/\/hdpnoticias.com.ar\/index.php?rest_route=\/wp\/v2\/media\/3520"}],"wp:attachment":[{"href":"https:\/\/hdpnoticias.com.ar\/index.php?rest_route=%2Fwp%2Fv2%2Fmedia&parent=3519"}],"wp:term":[{"taxonomy":"category","embeddable":true,"href":"https:\/\/hdpnoticias.com.ar\/index.php?rest_route=%2Fwp%2Fv2%2Fcategories&post=3519"},{"taxonomy":"post_tag","embeddable":true,"href":"https:\/\/hdpnoticias.com.ar\/index.php?rest_route=%2Fwp%2Fv2%2Ftags&post=3519"}],"curies":[{"name":"wp","href":"https:\/\/api.w.org\/{rel}","templated":true}]}}