{"id":3516,"date":"2023-08-05T21:23:27","date_gmt":"2023-08-06T00:23:27","guid":{"rendered":"http:\/\/hdpnoticias.com.ar\/?p=3516"},"modified":"2023-08-05T21:23:29","modified_gmt":"2023-08-06T00:23:29","slug":"la-inflacion-empuja-la-pobreza-4-de-cada-10-argentinos-no-llegan-a-fin-de-mes","status":"publish","type":"post","link":"https:\/\/hdpnoticias.com.ar\/?p=3516","title":{"rendered":"La inflaci\u00f3n empuja la pobreza: 4 de cada 10 argentinos no llegan a fin de mes"},"content":{"rendered":"\n<p>Seg\u00fan la base de microdatos de la Encuesta Permanente de Hogares (EPH) del Indec, en el primer trimestre, la pobreza lleg\u00f3 al 38,7%, lo que significa que ya en marzo hab\u00eda 18 millones de personas que no pod\u00edan acceder a la canasta b\u00e1sica total en Argentina.<\/p>\n\n\n\n<p>El organismo interpreta que el incremento de la pobreza se funda en la inflaci\u00f3n de 115% acumulada en los 12 meses previos, 9 de los cuales fueron durante la gesti\u00f3n de Sergio Massa al frente del Ministerio de Econom\u00eda.<\/p>\n\n\n\n<p>En comparaci\u00f3n al mismo per\u00edodo del 2022, la pobreza registr\u00f3 un incremento de 4,5 puntos porcentuales, lo que significa que en 12 meses se agregaron 2 millones de nuevos pobres en el pa\u00eds.<\/p>\n\n\n\n<p>Por su parte, la indigencia subi\u00f3 del 8,2 al 8,9%. Esto ocurri\u00f3 por el empobrecimiento de los trabajadores registrados y no registrados y en los que desempe\u00f1an por cuenta propia.<\/p>\n\n\n\n<p>Adem\u00e1s, a\u00fan entre los ocupados, la pobreza subi\u00f3 del 24,4% al 28,7%, algo in\u00e9dito en Argentina. Eso quiere decir que incluso quienes tienen trabajo est\u00e1n cada vez m\u00e1s lejos de los productos de primera necesidad.<\/p>\n\n\n\n<p>Entre los chicos menores de 14 a\u00f1os, unos 11 millones de personas, la pobreza subi\u00f3 del 47,1% al 54,7%. Son 6.000.000 de ni\u00f1os y ni\u00f1as que viven en hogares pobres.<\/p>\n","protected":false},"excerpt":{"rendered":"<p>Seg\u00fan la base de microdatos de la Encuesta Permanente de Hogares (EPH) del Indec, en el primer trimestre, la pobreza lleg\u00f3 al 38,7%, lo que significa que ya en marzo hab\u00eda 18 millones de personas que no pod\u00edan acceder a la canasta b\u00e1sica total en Argentina. El organismo interpreta que el incremento de la pobreza [&hellip;]<\/p>\n","protected":false},"author":1,"featured_media":3517,"comment_status":"open","ping_status":"open","sticky":false,"template":"","format":"standard","meta":{"footnotes":""},"categories":[6],"tags":[259,2188,1284,434,949,289,2187,694],"class_list":["post-3516","post","type-post","status-publish","format-standard","has-post-thumbnail","hentry","category-info-general","tag-argentina","tag-canasta-alimentaria","tag-canasta-basica","tag-economia","tag-indigencia","tag-massa","tag-ninos","tag-pobreza"],"_links":{"self":[{"href":"https:\/\/hdpnoticias.com.ar\/index.php?rest_route=\/wp\/v2\/posts\/3516","targetHints":{"allow":["GET"]}}],"collection":[{"href":"https:\/\/hdpnoticias.com.ar\/index.php?rest_route=\/wp\/v2\/posts"}],"about":[{"href":"https:\/\/hdpnoticias.com.ar\/index.php?rest_route=\/wp\/v2\/types\/post"}],"author":[{"embeddable":true,"href":"https:\/\/hdpnoticias.com.ar\/index.php?rest_route=\/wp\/v2\/users\/1"}],"replies":[{"embeddable":true,"href":"https:\/\/hdpnoticias.com.ar\/index.php?rest_route=%2Fwp%2Fv2%2Fcomments&post=3516"}],"version-history":[{"count":1,"href":"https:\/\/hdpnoticias.com.ar\/index.php?rest_route=\/wp\/v2\/posts\/3516\/revisions"}],"predecessor-version":[{"id":3518,"href":"https:\/\/hdpnoticias.com.ar\/index.php?rest_route=\/wp\/v2\/posts\/3516\/revisions\/3518"}],"wp:featuredmedia":[{"embeddable":true,"href":"https:\/\/hdpnoticias.com.ar\/index.php?rest_route=\/wp\/v2\/media\/3517"}],"wp:attachment":[{"href":"https:\/\/hdpnoticias.com.ar\/index.php?rest_route=%2Fwp%2Fv2%2Fmedia&parent=3516"}],"wp:term":[{"taxonomy":"category","embeddable":true,"href":"https:\/\/hdpnoticias.com.ar\/index.php?rest_route=%2Fwp%2Fv2%2Fcategories&post=3516"},{"taxonomy":"post_tag","embeddable":true,"href":"https:\/\/hdpnoticias.com.ar\/index.php?rest_route=%2Fwp%2Fv2%2Ftags&post=3516"}],"curies":[{"name":"wp","href":"https:\/\/api.w.org\/{rel}","templated":true}]}}