{"id":3512,"date":"2023-08-04T21:26:57","date_gmt":"2023-08-05T00:26:57","guid":{"rendered":"http:\/\/hdpnoticias.com.ar\/?p=3512"},"modified":"2023-08-04T21:28:55","modified_gmt":"2023-08-05T00:28:55","slug":"arroyo-entiendo-el-enojo-de-la-gente-el-pan-no-puede-estar-800-pesos","status":"publish","type":"post","link":"https:\/\/hdpnoticias.com.ar\/?p=3512","title":{"rendered":"Arroyo: Entiendo el enojo de la gente, el pan no puede estar 800 pesos"},"content":{"rendered":"\n<p>El exministro de Desarrollo Social de la Naci\u00f3n: Daniel Arroyo, es uno de los principales referentes del Frente Renovador, dedicado a la campa\u00f1a presidencial del ministro de Econom\u00eda Sergio Massa, precandidato de Uni\u00f3n por la Patria.<\/p>\n\n\n\n<p>De frente a las primarias abiertas, simult\u00e1neas y obligatorias del 13 de agosto, entrevistado en La Radio, admiti\u00f3 que la inflaci\u00f3n es uno de los problemas a la hora de convencer al electorado.<\/p>\n\n\n\n<p>No obstante, dijo que hasta ac\u00e1 Massa se ocup\u00f3 de equilibrar la macroeconom\u00eda y que ahora debe venir una segunda etapa en la que buscar\u00e1 estabilizar el precio de los alimentos.<\/p>\n\n\n\n<p>En t\u00e9rminos macro, reconoci\u00f3 que \u201cno podemos seguir con estos niveles de emisi\u00f3n\u201d, al contrario de lo que pregona el Gobierno que permanentemente niega la emisi\u00f3n como principal abono de la inflaci\u00f3n.<\/p>\n\n\n\n<p>Pero dijo que lo m\u00e1s preocupante es la suba sin techo en el precio de los productos de primera necesidad: \u201cEl precio de los alimentos le est\u00e1 quemando la cabeza a los argentinos. El pan no puede costar 800 pesos, la leche 350 y el asado 2.200\u201d, grafic\u00f3.<\/p>\n\n\n\n<p>\u201cEntiendo a los que est\u00e1n desilusionados, que votaron al Frente de Todos y ten\u00edan otra expectativa, esperaban que mejorara su situaci\u00f3n y hoy su situaci\u00f3n es muy cr\u00edtica\u201d, dijo. Pero pidi\u00f3 que entiendan la situaci\u00f3n porque \u201cSergio Massa agarr\u00f3 una papa caliente\u201d hace un a\u00f1o, y que despu\u00e9s de resolver el problema macro de la econom\u00eda intentar\u00e1 frenar los precios.<\/p>\n","protected":false},"excerpt":{"rendered":"<p>El exministro de Desarrollo Social de la Naci\u00f3n: Daniel Arroyo, es uno de los principales referentes del Frente Renovador, dedicado a la campa\u00f1a presidencial del ministro de Econom\u00eda Sergio Massa, precandidato de Uni\u00f3n por la Patria. De frente a las primarias abiertas, simult\u00e1neas y obligatorias del 13 de agosto, entrevistado en La Radio, admiti\u00f3 que [&hellip;]<\/p>\n","protected":false},"author":1,"featured_media":3513,"comment_status":"open","ping_status":"open","sticky":false,"template":"","format":"standard","meta":{"footnotes":""},"categories":[27],"tags":[2185,476,451,239,289,503,1898],"class_list":["post-3512","post","type-post","status-publish","format-standard","has-post-thumbnail","hentry","category-politica","tag-arroyo","tag-desarrollo-social","tag-frente-renovador","tag-inflacion","tag-massa","tag-precios","tag-union-por-la-patria"],"_links":{"self":[{"href":"https:\/\/hdpnoticias.com.ar\/index.php?rest_route=\/wp\/v2\/posts\/3512","targetHints":{"allow":["GET"]}}],"collection":[{"href":"https:\/\/hdpnoticias.com.ar\/index.php?rest_route=\/wp\/v2\/posts"}],"about":[{"href":"https:\/\/hdpnoticias.com.ar\/index.php?rest_route=\/wp\/v2\/types\/post"}],"author":[{"embeddable":true,"href":"https:\/\/hdpnoticias.com.ar\/index.php?rest_route=\/wp\/v2\/users\/1"}],"replies":[{"embeddable":true,"href":"https:\/\/hdpnoticias.com.ar\/index.php?rest_route=%2Fwp%2Fv2%2Fcomments&post=3512"}],"version-history":[{"count":2,"href":"https:\/\/hdpnoticias.com.ar\/index.php?rest_route=\/wp\/v2\/posts\/3512\/revisions"}],"predecessor-version":[{"id":3515,"href":"https:\/\/hdpnoticias.com.ar\/index.php?rest_route=\/wp\/v2\/posts\/3512\/revisions\/3515"}],"wp:featuredmedia":[{"embeddable":true,"href":"https:\/\/hdpnoticias.com.ar\/index.php?rest_route=\/wp\/v2\/media\/3513"}],"wp:attachment":[{"href":"https:\/\/hdpnoticias.com.ar\/index.php?rest_route=%2Fwp%2Fv2%2Fmedia&parent=3512"}],"wp:term":[{"taxonomy":"category","embeddable":true,"href":"https:\/\/hdpnoticias.com.ar\/index.php?rest_route=%2Fwp%2Fv2%2Fcategories&post=3512"},{"taxonomy":"post_tag","embeddable":true,"href":"https:\/\/hdpnoticias.com.ar\/index.php?rest_route=%2Fwp%2Fv2%2Ftags&post=3512"}],"curies":[{"name":"wp","href":"https:\/\/api.w.org\/{rel}","templated":true}]}}