{"id":3455,"date":"2023-08-01T21:26:36","date_gmt":"2023-08-02T00:26:36","guid":{"rendered":"http:\/\/hdpnoticias.com.ar\/?p=3455"},"modified":"2023-08-01T21:26:37","modified_gmt":"2023-08-02T00:26:37","slug":"piqueteros-acamparan-por-la-libertad-de-emerenciano-el-gobierno-vallo-la-fiscalia","status":"publish","type":"post","link":"https:\/\/hdpnoticias.com.ar\/?p=3455","title":{"rendered":"Piqueteros acampar\u00e1n por la libertad de Emerenciano: el Gobierno vall\u00f3 la Fiscal\u00eda"},"content":{"rendered":"\n<p>El mi\u00e9rcoles 2 y el jueves 3 de julio tendr\u00e1n lugar las audiencias de oposici\u00f3n a la prisi\u00f3n preventiva de las defensas de los dirigentes sociales Emerenciano Sena y Marcela Acu\u00f1a, detenidos imputados como coautores del asesinato de Cecilia Strzyzowski, pareja de su hijo: C\u00e9sar Sena, tambi\u00e9n detenido imputado por femicidio.<\/p>\n\n\n\n<p>La agenda ante el juez H\u00e9ctor Sandoval se ampli\u00f3 al viernes, cuando se abordar\u00e1n las nulidades planteadas por la defensa.<\/p>\n\n\n\n<p>Siguiendo las instrucciones del mismo Emerenciano, sus seguidores ganaron la calle los \u00faltimos d\u00edas para exigir su libertad y deber\u00edan insistir hasta conseguir el objetivo.<\/p>\n\n\n\n<p>En este sentido, los referentes del Movimiento Socialista Emerenciano anunciaron que acampar\u00e1n frente a la sede de las fiscal\u00edas, en la avenida 9 de Julio, en pleno microcentro de Resistencia, hasta que se ordena la libertad del l\u00edder piquetero.<\/p>\n\n\n\n<p>Frente a esto, Gloria Romero, la madre de Cecilia, convoc\u00f3 a manifestarse en el mismo lugar por justicia. Y el jueves convoc\u00f3 a evocar el natalicio de su hija en un acto en el Parque de la Democracia.<\/p>\n\n\n\n<p>Ante esta situaci\u00f3n, el Gobierno instruy\u00f3 a la Polic\u00eda de la provincia vallar la cuadra de esta sede judicial interrumpiendo completamente el tr\u00e1nsito hasta la desconcentraci\u00f3n de ambas manifestaciones, que se cree que se extender\u00e1n hasta el fin de semana.<\/p>\n\n\n\n<p>Y para controlar la situaci\u00f3n afectar\u00e1 400 efectivos de Caballer\u00eda, Infanter\u00eda, Cuerpo de Operaciones Especiales, Cuerpo de Operaciones Motorizadas, entre otras unidades.<\/p>\n\n\n\n<p>Para completar, pide \u201cpaciencia\u201d a la sociedad y a expresarse \u201cpac\u00edficamente\u201d.<\/p>\n","protected":false},"excerpt":{"rendered":"<p>El mi\u00e9rcoles 2 y el jueves 3 de julio tendr\u00e1n lugar las audiencias de oposici\u00f3n a la prisi\u00f3n preventiva de las defensas de los dirigentes sociales Emerenciano Sena y Marcela Acu\u00f1a, detenidos imputados como coautores del asesinato de Cecilia Strzyzowski, pareja de su hijo: C\u00e9sar Sena, tambi\u00e9n detenido imputado por femicidio. La agenda ante el [&hellip;]<\/p>\n","protected":false},"author":1,"featured_media":3456,"comment_status":"open","ping_status":"open","sticky":false,"template":"","format":"standard","meta":{"footnotes":""},"categories":[6],"tags":[],"class_list":["post-3455","post","type-post","status-publish","format-standard","has-post-thumbnail","hentry","category-info-general"],"_links":{"self":[{"href":"https:\/\/hdpnoticias.com.ar\/index.php?rest_route=\/wp\/v2\/posts\/3455","targetHints":{"allow":["GET"]}}],"collection":[{"href":"https:\/\/hdpnoticias.com.ar\/index.php?rest_route=\/wp\/v2\/posts"}],"about":[{"href":"https:\/\/hdpnoticias.com.ar\/index.php?rest_route=\/wp\/v2\/types\/post"}],"author":[{"embeddable":true,"href":"https:\/\/hdpnoticias.com.ar\/index.php?rest_route=\/wp\/v2\/users\/1"}],"replies":[{"embeddable":true,"href":"https:\/\/hdpnoticias.com.ar\/index.php?rest_route=%2Fwp%2Fv2%2Fcomments&post=3455"}],"version-history":[{"count":1,"href":"https:\/\/hdpnoticias.com.ar\/index.php?rest_route=\/wp\/v2\/posts\/3455\/revisions"}],"predecessor-version":[{"id":3457,"href":"https:\/\/hdpnoticias.com.ar\/index.php?rest_route=\/wp\/v2\/posts\/3455\/revisions\/3457"}],"wp:featuredmedia":[{"embeddable":true,"href":"https:\/\/hdpnoticias.com.ar\/index.php?rest_route=\/wp\/v2\/media\/3456"}],"wp:attachment":[{"href":"https:\/\/hdpnoticias.com.ar\/index.php?rest_route=%2Fwp%2Fv2%2Fmedia&parent=3455"}],"wp:term":[{"taxonomy":"category","embeddable":true,"href":"https:\/\/hdpnoticias.com.ar\/index.php?rest_route=%2Fwp%2Fv2%2Fcategories&post=3455"},{"taxonomy":"post_tag","embeddable":true,"href":"https:\/\/hdpnoticias.com.ar\/index.php?rest_route=%2Fwp%2Fv2%2Ftags&post=3455"}],"curies":[{"name":"wp","href":"https:\/\/api.w.org\/{rel}","templated":true}]}}