{"id":3413,"date":"2023-07-30T21:52:01","date_gmt":"2023-07-31T00:52:01","guid":{"rendered":"http:\/\/hdpnoticias.com.ar\/?p=3413"},"modified":"2023-08-16T06:34:34","modified_gmt":"2023-08-16T09:34:34","slug":"capitanich-acorralado-por-la-inseguridad-decreto-la-emergencia","status":"publish","type":"post","link":"https:\/\/hdpnoticias.com.ar\/?p=3413","title":{"rendered":"Capitanich acorralado por la inseguridad: decret\u00f3 la emergencia"},"content":{"rendered":"\n<p>Tras las elecciones primarias del 18 de junio, el gobernador Jorge Capitanich inici\u00f3 una agenda de reuniones convecinos con el af\u00e1n de revertir el resultado adverso de su Frente Chaque\u00f1o con el que busca su reelecci\u00f3n.<\/p>\n\n\n\n<p>Como resultado de estos encuentros, descubri\u00f3 que una de las principales preocupaciones de los chaque\u00f1os es el incremento de la inseguridad, con delitos que van desde arrebatos hasta narcotr\u00e1fico.<\/p>\n\n\n\n<p>Apremiado por el ritmo de la campa\u00f1a electoral, mantuvo una reuni\u00f3n con jefes policiales de toda la provincia y la \u00faltima semana lanz\u00f3 desde Presidencia Roque S\u00e1enz Pe\u00f1a un \u201cplan integral de seguridad\u201d que incluye<strong><a href=\"http:\/\/hdpnoticias.com.ar\/?p=3281\" target=\"_blank\" rel=\"noreferrer noopener\"> \u201ccomisar\u00edas digitales\u201d<\/a><\/strong>, una aplicaci\u00f3n para realizar denuncias desde dispositivos conectados a Internet, y anunci\u00f3 la construcci\u00f3n de 700 nuevas celdas en los establecimientos penitenciarios.<\/p>\n\n\n\n<p>En la misma l\u00ednea, decret\u00f3 ahora la \u201cemergencia en materia de seguridad p\u00fablica y penitenciaria en todo el territorio provincial\u201d.<\/p>\n\n\n\n<p>La norma enumera una serie de medidas que se adoptar\u00e1n inmediatamente y otras que dependen de otros organismos o demandar\u00e1n m\u00e1s tiempo.<\/p>\n\n\n\n<p>Se incrementar\u00e1n los controles de motocicletas y motociclistas para prevenir la acci\u00f3n de motochorros.<\/p>\n\n\n\n<p>Se habilitar\u00e1n desde el 1 de agosto, como ya se hab\u00eda anunciado, las \u201ccomisar\u00edas digitales\u201d, que requerir\u00e1 el registro de los denunciantes en Tu Gobierno Digital.<\/p>\n\n\n\n<p>Promete instalar 300 c\u00e1maras para llegar a 1500 en el sistema de videovigilancia p\u00fablico, pero tambi\u00e9n exigir\u00e1 a particulares que cedan el monitoreo de unas 2000 c\u00e1maras privadas orientadas hacia espacios p\u00fablicos.<\/p>\n\n\n\n<p>Se intervendr\u00e1n los bienes de personas vinculadas al narcomenudeo o narcotr\u00e1fico.<\/p>\n\n\n\n<p>Pedir\u00e1 a la Justicia provincial y federal que adjudique a las fuerzas de seguridad de la Provincia o federales los veh\u00edculos secuestrados para su utilizaci\u00f3n como patrulleros.<\/p>\n\n\n\n<p>Se restablecer\u00e1 el programa de \u201ccorredores seguros\u201d en inmediaciones de establecimientos educativos, edificios p\u00fablicos y transporte p\u00fablico, entre otras zonas sensibles.<\/p>\n\n\n\n<p>Y construir\u00e1n las 700 celdas, que deber\u00edan estar terminadas en un plazo de 6 meses. Mientras, se incorporar\u00e1n camastros a las que ya est\u00e1n habilitadas.<\/p>\n\n\n\n<p>Para completar, busca \u201coptimizar\u201d los recursos humanos, log\u00edsticos y operativos destinando personal policial s\u00f3lo a situaciones en las que resulta imprescindible, as\u00ed la Polic\u00eda podr\u00eda concentrarse en la seguridad p\u00fablica. Pero tambi\u00e9n hab\u00eda se\u00f1alado acciones conjuntas con fuerzas federales y agencias privadas de seguridad.<\/p>\n","protected":false},"excerpt":{"rendered":"<p>Tras las elecciones primarias del 18 de junio, el gobernador Jorge Capitanich inici\u00f3 una agenda de reuniones convecinos con el af\u00e1n de revertir el resultado adverso de su Frente Chaque\u00f1o con el que busca su reelecci\u00f3n. Como resultado de estos encuentros, descubri\u00f3 que una de las principales preocupaciones de los chaque\u00f1os es el incremento de [&hellip;]<\/p>\n","protected":false},"author":1,"featured_media":3414,"comment_status":"open","ping_status":"open","sticky":false,"template":"","format":"standard","meta":{"footnotes":""},"categories":[27],"tags":[29,1212,246,1052,999,73,182,2152,350],"class_list":["post-3413","post","type-post","status-publish","format-standard","has-post-thumbnail","hentry","category-politica","tag-capitanich","tag-delincuencia","tag-elecciones","tag-frente-chaqueno","tag-inseguridad","tag-motochorros","tag-narcotrafico","tag-primerias","tag-reeleccion"],"_links":{"self":[{"href":"https:\/\/hdpnoticias.com.ar\/index.php?rest_route=\/wp\/v2\/posts\/3413","targetHints":{"allow":["GET"]}}],"collection":[{"href":"https:\/\/hdpnoticias.com.ar\/index.php?rest_route=\/wp\/v2\/posts"}],"about":[{"href":"https:\/\/hdpnoticias.com.ar\/index.php?rest_route=\/wp\/v2\/types\/post"}],"author":[{"embeddable":true,"href":"https:\/\/hdpnoticias.com.ar\/index.php?rest_route=\/wp\/v2\/users\/1"}],"replies":[{"embeddable":true,"href":"https:\/\/hdpnoticias.com.ar\/index.php?rest_route=%2Fwp%2Fv2%2Fcomments&post=3413"}],"version-history":[{"count":3,"href":"https:\/\/hdpnoticias.com.ar\/index.php?rest_route=\/wp\/v2\/posts\/3413\/revisions"}],"predecessor-version":[{"id":3690,"href":"https:\/\/hdpnoticias.com.ar\/index.php?rest_route=\/wp\/v2\/posts\/3413\/revisions\/3690"}],"wp:featuredmedia":[{"embeddable":true,"href":"https:\/\/hdpnoticias.com.ar\/index.php?rest_route=\/wp\/v2\/media\/3414"}],"wp:attachment":[{"href":"https:\/\/hdpnoticias.com.ar\/index.php?rest_route=%2Fwp%2Fv2%2Fmedia&parent=3413"}],"wp:term":[{"taxonomy":"category","embeddable":true,"href":"https:\/\/hdpnoticias.com.ar\/index.php?rest_route=%2Fwp%2Fv2%2Fcategories&post=3413"},{"taxonomy":"post_tag","embeddable":true,"href":"https:\/\/hdpnoticias.com.ar\/index.php?rest_route=%2Fwp%2Fv2%2Ftags&post=3413"}],"curies":[{"name":"wp","href":"https:\/\/api.w.org\/{rel}","templated":true}]}}