{"id":340,"date":"2023-01-13T21:17:46","date_gmt":"2023-01-14T00:17:46","guid":{"rendered":"http:\/\/hdpnoticias.com.ar\/?p=340"},"modified":"2023-01-14T06:12:18","modified_gmt":"2023-01-14T09:12:18","slug":"dirigente-social-denuncio-el-robo-de-700-mil-pesos-que-recibio-del-gobierno","status":"publish","type":"post","link":"https:\/\/hdpnoticias.com.ar\/?p=340","title":{"rendered":"Dirigente social denunci\u00f3 el robo de 700 mil pesos que recibi\u00f3 del Gobierno"},"content":{"rendered":"\n<p>Ana Ben\u00edtez, titular de la Fundaci\u00f3n Cuerdas de Amor, denunci\u00f3 haber sido v\u00edctima el robo de 700 mil pesos en efectivo que guardaba en su casa del barrio Zampa, en la zona sur de Resistencia.<\/p>\n\n\n\n<p>La dirigente dijo que el pasado 4 de enero viaj\u00f3 de vacaciones y al regresar este viernes encontr\u00f3 violentadas la reja y una puerta de su vivienda.<\/p>\n\n\n\n<p>Al ingresar advirti\u00f3 la falta de 3 smart TV de 40, 39 y 32 pulgadas, una garrafa de gas de 10 kilos, y el dinero que le hab\u00eda sido otorgado por el Gobierno provincial para su organizaci\u00f3n.<\/p>\n\n\n\n<p>Llama la atenci\u00f3n de los investigadores que la mujer haya retirado los 700 mil pesos que el Gobierno le transfiri\u00f3 electr\u00f3nicamente, y que, adem\u00e1s, los haya dejado en su casa durante su ausencia.<\/p>\n","protected":false},"excerpt":{"rendered":"<p>Ana Ben\u00edtez, titular de la Fundaci\u00f3n Cuerdas de Amor, denunci\u00f3 haber sido v\u00edctima el robo de 700 mil pesos en efectivo que guardaba en su casa del barrio Zampa, en la zona sur de Resistencia. La dirigente dijo que el pasado 4 de enero viaj\u00f3 de vacaciones y al regresar este viernes encontr\u00f3 violentadas la [&hellip;]<\/p>\n","protected":false},"author":1,"featured_media":0,"comment_status":"open","ping_status":"open","sticky":false,"template":"","format":"standard","meta":{"footnotes":""},"categories":[26],"tags":[37,58,56,36,49,57],"class_list":["post-340","post","type-post","status-publish","format-standard","hentry","category-policiales","tag-chaco","tag-dirigente","tag-fundacion","tag-gobierno","tag-resistencia","tag-robo"],"_links":{"self":[{"href":"https:\/\/hdpnoticias.com.ar\/index.php?rest_route=\/wp\/v2\/posts\/340","targetHints":{"allow":["GET"]}}],"collection":[{"href":"https:\/\/hdpnoticias.com.ar\/index.php?rest_route=\/wp\/v2\/posts"}],"about":[{"href":"https:\/\/hdpnoticias.com.ar\/index.php?rest_route=\/wp\/v2\/types\/post"}],"author":[{"embeddable":true,"href":"https:\/\/hdpnoticias.com.ar\/index.php?rest_route=\/wp\/v2\/users\/1"}],"replies":[{"embeddable":true,"href":"https:\/\/hdpnoticias.com.ar\/index.php?rest_route=%2Fwp%2Fv2%2Fcomments&post=340"}],"version-history":[{"count":3,"href":"https:\/\/hdpnoticias.com.ar\/index.php?rest_route=\/wp\/v2\/posts\/340\/revisions"}],"predecessor-version":[{"id":359,"href":"https:\/\/hdpnoticias.com.ar\/index.php?rest_route=\/wp\/v2\/posts\/340\/revisions\/359"}],"wp:attachment":[{"href":"https:\/\/hdpnoticias.com.ar\/index.php?rest_route=%2Fwp%2Fv2%2Fmedia&parent=340"}],"wp:term":[{"taxonomy":"category","embeddable":true,"href":"https:\/\/hdpnoticias.com.ar\/index.php?rest_route=%2Fwp%2Fv2%2Fcategories&post=340"},{"taxonomy":"post_tag","embeddable":true,"href":"https:\/\/hdpnoticias.com.ar\/index.php?rest_route=%2Fwp%2Fv2%2Ftags&post=340"}],"curies":[{"name":"wp","href":"https:\/\/api.w.org\/{rel}","templated":true}]}}