{"id":3399,"date":"2023-07-30T06:39:20","date_gmt":"2023-07-30T09:39:20","guid":{"rendered":"http:\/\/hdpnoticias.com.ar\/?p=3399"},"modified":"2023-07-30T06:39:22","modified_gmt":"2023-07-30T09:39:22","slug":"movimientos-piqueteros-reclaman-la-libertad-de-quintin-gomez","status":"publish","type":"post","link":"https:\/\/hdpnoticias.com.ar\/?p=3399","title":{"rendered":"Movimientos piqueteros reclaman la libertad de Quint\u00edn G\u00f3mez"},"content":{"rendered":"\n<p>El Movimiento de Organizaciones Populares reuni\u00f3 a sus principales referentes para evaluar la situaci\u00f3n que atraviesa el dirigente social Osmar Quint\u00edn G\u00f3mez, detenido tras ser denunciado por abuso sexual por una trabajadora dela Escuela P\u00fablica de Gesti\u00f3n Social 4 que \u00e9l comanda.<\/p>\n\n\n\n<p>Para los dirigentes de estos movimientos, G\u00f3mez es v\u00edctima de una causa \u201carmada\u201d como escarmiento por su lucha en favor de los sectores m\u00e1s postergados de la sociedad.<\/p>\n\n\n\n<p>En ese marco, cuestionaron a \u201clos partidos \u00fanicos del sistema\u201d por la criminalizaci\u00f3n de la protesta social y a los movimientos piqueteros, actuando siempre en favor de los ricos.<\/p>\n\n\n\n<p>Por eso, anunciaron que iniciar\u00e1n una agenda de asambleas en toda la provincia para exigir la libertad de Quint\u00edn G\u00f3mez.<\/p>\n\n\n\n<p>La denuncia fue radicada el pasado 17 de julio, pero tom\u00f3 estado p\u00fablico 2 d\u00edas despu\u00e9s. Tras esto, Quint\u00edn fue despedido del gabinete de Jorge Capitanich donde integraba el plantel de asesores de la Secretar\u00eda de Municipios, y fue eliminado de la lista de candidatos a diputados del Frente Chaque\u00f1o donde ocupaba el 11\u00b0 lugar.<\/p>\n\n\n\n<p><\/p>\n","protected":false},"excerpt":{"rendered":"<p>El Movimiento de Organizaciones Populares reuni\u00f3 a sus principales referentes para evaluar la situaci\u00f3n que atraviesa el dirigente social Osmar Quint\u00edn G\u00f3mez, detenido tras ser denunciado por abuso sexual por una trabajadora dela Escuela P\u00fablica de Gesti\u00f3n Social 4 que \u00e9l comanda. Para los dirigentes de estos movimientos, G\u00f3mez es v\u00edctima de una causa \u201carmada\u201d [&hellip;]<\/p>\n","protected":false},"author":1,"featured_media":3400,"comment_status":"open","ping_status":"open","sticky":false,"template":"","format":"standard","meta":{"footnotes":""},"categories":[27],"tags":[945,29,37,841,1052,622,265,794,1279,350],"class_list":["post-3399","post","type-post","status-publish","format-standard","has-post-thumbnail","hentry","category-politica","tag-abuso-sexual","tag-capitanich","tag-chaco","tag-detenido","tag-frente-chaqueno","tag-libertad","tag-piqueteros","tag-quintin","tag-rach-quiroga","tag-reeleccion"],"_links":{"self":[{"href":"https:\/\/hdpnoticias.com.ar\/index.php?rest_route=\/wp\/v2\/posts\/3399","targetHints":{"allow":["GET"]}}],"collection":[{"href":"https:\/\/hdpnoticias.com.ar\/index.php?rest_route=\/wp\/v2\/posts"}],"about":[{"href":"https:\/\/hdpnoticias.com.ar\/index.php?rest_route=\/wp\/v2\/types\/post"}],"author":[{"embeddable":true,"href":"https:\/\/hdpnoticias.com.ar\/index.php?rest_route=\/wp\/v2\/users\/1"}],"replies":[{"embeddable":true,"href":"https:\/\/hdpnoticias.com.ar\/index.php?rest_route=%2Fwp%2Fv2%2Fcomments&post=3399"}],"version-history":[{"count":1,"href":"https:\/\/hdpnoticias.com.ar\/index.php?rest_route=\/wp\/v2\/posts\/3399\/revisions"}],"predecessor-version":[{"id":3401,"href":"https:\/\/hdpnoticias.com.ar\/index.php?rest_route=\/wp\/v2\/posts\/3399\/revisions\/3401"}],"wp:featuredmedia":[{"embeddable":true,"href":"https:\/\/hdpnoticias.com.ar\/index.php?rest_route=\/wp\/v2\/media\/3400"}],"wp:attachment":[{"href":"https:\/\/hdpnoticias.com.ar\/index.php?rest_route=%2Fwp%2Fv2%2Fmedia&parent=3399"}],"wp:term":[{"taxonomy":"category","embeddable":true,"href":"https:\/\/hdpnoticias.com.ar\/index.php?rest_route=%2Fwp%2Fv2%2Fcategories&post=3399"},{"taxonomy":"post_tag","embeddable":true,"href":"https:\/\/hdpnoticias.com.ar\/index.php?rest_route=%2Fwp%2Fv2%2Ftags&post=3399"}],"curies":[{"name":"wp","href":"https:\/\/api.w.org\/{rel}","templated":true}]}}