{"id":3390,"date":"2023-07-29T21:53:12","date_gmt":"2023-07-30T00:53:12","guid":{"rendered":"http:\/\/hdpnoticias.com.ar\/?p=3390"},"modified":"2023-08-16T06:36:03","modified_gmt":"2023-08-16T09:36:03","slug":"poco-entusiasmo-en-el-congreso-del-pj-cuarto-intermedio-esperando-a-massa","status":"publish","type":"post","link":"https:\/\/hdpnoticias.com.ar\/?p=3390","title":{"rendered":"Poco entusiasmo en el Congreso del PJ: cuarto intermedio esperando a Massa"},"content":{"rendered":"\n<p>El congreso Provincial del Paritdo Justicialista se reuni\u00f3 este s\u00e1bado en Presidencia Roque S\u00e1enz Pe\u00f1a para renovar sus autoridades y clamar su respaldo a la candidatura a la reelecci\u00f3n del gobernador Jorge Capitanich.<\/p>\n\n\n\n<p>Autoridades partidarias, intendentes, legisladores y funcionarios provinciales se reunieron durante la semana en Resistencia y lanzaron una convocatoria p\u00fablica a dirigentes y militantes de toda la provincia para darle un marco de fervor al Congreso, pero la idea no cundi\u00f3.<\/p>\n\n\n\n<p>La cita fue en el Club Acci\u00f3n, en mismo lugar en el que Capitanich cerr\u00f3 su campa\u00f1a previa a las Paso del 18 de agosto.<\/p>\n\n\n\n<p>El \u00f3rgano partidario logr\u00f3 qu\u00f3rum pero la participaci\u00f3n de dirigentes y militantes estuvo muy lejos de cubrir las expectativas.<\/p>\n\n\n\n<p>Los discursos hicieron foco en la necesidad de \u201cunidad\u201d para asegurar el triunfo de Capitanich en las elecciones gubernamentales del 17 de septiembre. Para eso, pidieron que los otros candidatos peronistas: Gustavo Mart\u00ednez, Domingo Peppo y Juan Carlos Bacileff Ivanoff declinen sus aspiraciones a la gobernaci\u00f3n.<\/p>\n\n\n\n<p>Claudia Panzardi reemplaz\u00f3 a Mar\u00eda Luisa Chomiak en la presidencia. No hubo conclusiones porque el Congreso pas\u00f3 a cuarto intermedio hasta el pr\u00f3ximo viernes, cuando se espera la presencia de Capitanich, que hoy no asisti\u00f3 por \u201ccuestiones de agenda\u201d, y del candidato a presidente por Uni\u00f3n por la Patria: el ministro de Econom\u00eda y presidente del Frente Renovador: Sergio Massa.<\/p>\n","protected":false},"excerpt":{"rendered":"<p>El congreso Provincial del Paritdo Justicialista se reuni\u00f3 este s\u00e1bado en Presidencia Roque S\u00e1enz Pe\u00f1a para renovar sus autoridades y clamar su respaldo a la candidatura a la reelecci\u00f3n del gobernador Jorge Capitanich. Autoridades partidarias, intendentes, legisladores y funcionarios provinciales se reunieron durante la semana en Resistencia y lanzaron una convocatoria p\u00fablica a dirigentes y [&hellip;]<\/p>\n","protected":false},"author":1,"featured_media":3391,"comment_status":"open","ping_status":"open","sticky":false,"template":"","format":"standard","meta":{"footnotes":""},"categories":[27],"tags":[2147,251,2146,248,95],"class_list":["post-3390","post","type-post","status-publish","format-standard","has-post-thumbnail","hentry","category-politica","tag-accion","tag-congreso","tag-partido-justicialista","tag-pj","tag-saenz-pena"],"_links":{"self":[{"href":"https:\/\/hdpnoticias.com.ar\/index.php?rest_route=\/wp\/v2\/posts\/3390","targetHints":{"allow":["GET"]}}],"collection":[{"href":"https:\/\/hdpnoticias.com.ar\/index.php?rest_route=\/wp\/v2\/posts"}],"about":[{"href":"https:\/\/hdpnoticias.com.ar\/index.php?rest_route=\/wp\/v2\/types\/post"}],"author":[{"embeddable":true,"href":"https:\/\/hdpnoticias.com.ar\/index.php?rest_route=\/wp\/v2\/users\/1"}],"replies":[{"embeddable":true,"href":"https:\/\/hdpnoticias.com.ar\/index.php?rest_route=%2Fwp%2Fv2%2Fcomments&post=3390"}],"version-history":[{"count":3,"href":"https:\/\/hdpnoticias.com.ar\/index.php?rest_route=\/wp\/v2\/posts\/3390\/revisions"}],"predecessor-version":[{"id":3692,"href":"https:\/\/hdpnoticias.com.ar\/index.php?rest_route=\/wp\/v2\/posts\/3390\/revisions\/3692"}],"wp:featuredmedia":[{"embeddable":true,"href":"https:\/\/hdpnoticias.com.ar\/index.php?rest_route=\/wp\/v2\/media\/3391"}],"wp:attachment":[{"href":"https:\/\/hdpnoticias.com.ar\/index.php?rest_route=%2Fwp%2Fv2%2Fmedia&parent=3390"}],"wp:term":[{"taxonomy":"category","embeddable":true,"href":"https:\/\/hdpnoticias.com.ar\/index.php?rest_route=%2Fwp%2Fv2%2Fcategories&post=3390"},{"taxonomy":"post_tag","embeddable":true,"href":"https:\/\/hdpnoticias.com.ar\/index.php?rest_route=%2Fwp%2Fv2%2Ftags&post=3390"}],"curies":[{"name":"wp","href":"https:\/\/api.w.org\/{rel}","templated":true}]}}