{"id":3341,"date":"2023-07-26T15:28:16","date_gmt":"2023-07-26T18:28:16","guid":{"rendered":"http:\/\/hdpnoticias.com.ar\/?p=3341"},"modified":"2023-08-16T06:45:25","modified_gmt":"2023-08-16T09:45:25","slug":"corte-de-ruta-en-pampa-del-indio-reclaman-promesas-incumplidas-a-capitanich","status":"publish","type":"post","link":"https:\/\/hdpnoticias.com.ar\/?p=3341","title":{"rendered":"Corte de ruta en Pampa del Indio: reclaman promesas incumplidas a Capitanich"},"content":{"rendered":"\n<p>La Asociaci\u00f3n Campo Nuevo, integrada por unas 60 familias ind\u00edgenas que ocupan un predio de 700 hect\u00e1reas en la zona rural de Pampa del Indio, inici\u00f3 una protesta con corte de ruta por tiempo indeterminado.<\/p>\n\n\n\n<p>As\u00ed reclaman que el gobernador Jorge Capitanich cumpla una promesa hecha en la campa\u00f1a proselitista de 2019, cuando buscaba volver a la Gobernaci\u00f3n.<\/p>\n\n\n\n<p>Entonces le hab\u00edan solicitado la entrega de unas 20 mil hect\u00e1reas para la producci\u00f3n agropecuaria, m\u00e1s la asistencia con semillas y para la subsistencia de los integrantes de la organizaci\u00f3n y la construcci\u00f3n de viviendas.<\/p>\n\n\n\n<p>Capitanich prometi\u00f3 responder el petitorio pero hasta el momento no dio respuesta alguna.<\/p>\n\n\n\n<p>Frente a esta situaci\u00f3n en octubre del a\u00f1o pasado formalizaron la solicitud a trav\u00e9s de una presentaci\u00f3n en la propia Casa de Gobierno, pero siguen esperando la devoluci\u00f3n.<\/p>\n\n\n\n<p>El piquete, que impide el paso de todo tipo de veh\u00edculos, genera un gran conflicto en el tr\u00e1nsito y se formaron largas colas a ambos lados.<\/p>\n","protected":false},"excerpt":{"rendered":"<p>La Asociaci\u00f3n Campo Nuevo, integrada por unas 60 familias ind\u00edgenas que ocupan un predio de 700 hect\u00e1reas en la zona rural de Pampa del Indio, inici\u00f3 una protesta con corte de ruta por tiempo indeterminado. As\u00ed reclaman que el gobernador Jorge Capitanich cumpla una promesa hecha en la campa\u00f1a proselitista de 2019, cuando buscaba volver [&hellip;]<\/p>\n","protected":false},"author":1,"featured_media":3342,"comment_status":"open","ping_status":"open","sticky":false,"template":"","format":"standard","meta":{"footnotes":""},"categories":[27],"tags":[29,767,37,36,755,432,143,791],"class_list":["post-3341","post","type-post","status-publish","format-standard","has-post-thumbnail","hentry","category-politica","tag-capitanich","tag-casa-de-gobierno","tag-chaco","tag-gobierno","tag-pampa-del-indio","tag-piquete","tag-promesa","tag-promesas"],"_links":{"self":[{"href":"https:\/\/hdpnoticias.com.ar\/index.php?rest_route=\/wp\/v2\/posts\/3341","targetHints":{"allow":["GET"]}}],"collection":[{"href":"https:\/\/hdpnoticias.com.ar\/index.php?rest_route=\/wp\/v2\/posts"}],"about":[{"href":"https:\/\/hdpnoticias.com.ar\/index.php?rest_route=\/wp\/v2\/types\/post"}],"author":[{"embeddable":true,"href":"https:\/\/hdpnoticias.com.ar\/index.php?rest_route=\/wp\/v2\/users\/1"}],"replies":[{"embeddable":true,"href":"https:\/\/hdpnoticias.com.ar\/index.php?rest_route=%2Fwp%2Fv2%2Fcomments&post=3341"}],"version-history":[{"count":3,"href":"https:\/\/hdpnoticias.com.ar\/index.php?rest_route=\/wp\/v2\/posts\/3341\/revisions"}],"predecessor-version":[{"id":3700,"href":"https:\/\/hdpnoticias.com.ar\/index.php?rest_route=\/wp\/v2\/posts\/3341\/revisions\/3700"}],"wp:featuredmedia":[{"embeddable":true,"href":"https:\/\/hdpnoticias.com.ar\/index.php?rest_route=\/wp\/v2\/media\/3342"}],"wp:attachment":[{"href":"https:\/\/hdpnoticias.com.ar\/index.php?rest_route=%2Fwp%2Fv2%2Fmedia&parent=3341"}],"wp:term":[{"taxonomy":"category","embeddable":true,"href":"https:\/\/hdpnoticias.com.ar\/index.php?rest_route=%2Fwp%2Fv2%2Fcategories&post=3341"},{"taxonomy":"post_tag","embeddable":true,"href":"https:\/\/hdpnoticias.com.ar\/index.php?rest_route=%2Fwp%2Fv2%2Ftags&post=3341"}],"curies":[{"name":"wp","href":"https:\/\/api.w.org\/{rel}","templated":true}]}}