{"id":3324,"date":"2023-07-24T19:58:00","date_gmt":"2023-07-24T22:58:00","guid":{"rendered":"http:\/\/hdpnoticias.com.ar\/?p=3324"},"modified":"2023-08-16T06:29:59","modified_gmt":"2023-08-16T09:29:59","slug":"aliados-de-capitanich-piden-la-libertad-de-quintin-antes-pedian-pena-de-muerte-para-violadores","status":"publish","type":"post","link":"https:\/\/hdpnoticias.com.ar\/?p=3324","title":{"rendered":"Aliados de Capitanich piden la libertad de Quint\u00edn: antes ped\u00edan pena de muerte para violadores"},"content":{"rendered":"\n<p>El Frente Popular Dar\u00edo Santill\u00e1n, aliado del gobernador Jorge Capitanich, se manifest\u00f3 este lunes exigiendo la inmediata liberaci\u00f3n del dirigente social <strong><a rel=\"noreferrer noopener\" href=\"http:\/\/hdpnoticias.com.ar\/?p=3269\" target=\"_blank\">Quint\u00edn G\u00f3mez, detenido tras ser denunciado por abuso sexual<\/a><\/strong> por una integrante de su organizaci\u00f3n.<\/p>\n\n\n\n<p>G\u00f3mez era candidato a diputado provincial por el Frente Chaque\u00f1o que encabezan el gobernador Jorge Capitanich y la vicegobernadora Anal\u00eda Rach Quiroga, y asesor de la Secretar\u00eda de Municipios, peo fue despedido tras la denuncia.<\/p>\n\n\n\n<p>Para el Frente Dar\u00edo Santill\u00e1n, G\u00f3mez es v\u00edctima de una \u201ccausa armada\u201d.<\/p>\n\n\n\n<p>Parad\u00f3jicamente, el mismo movimiento hab\u00eda encarado hace algo m\u00e1s de 2 a\u00f1os una campa\u00f1a nacional reclamando una reforma constitucional que incorpore la pena de muerte para violadores. Y en el Chaco hab\u00edan llevado el planteo con una marcha hasta la Casa de Gobierno.<\/p>\n\n\n\n<figure class=\"wp-block-image size-full\"><img loading=\"lazy\" decoding=\"async\" width=\"810\" height=\"537\" src=\"http:\/\/hdpnoticias.com.ar\/wp-content\/uploads\/2023\/07\/Piqueteros-de-Capitanich-en-aniversario-del-FCHMM.jpg\" alt=\"\" class=\"wp-image-3326\" srcset=\"https:\/\/hdpnoticias.com.ar\/wp-content\/uploads\/2023\/07\/Piqueteros-de-Capitanich-en-aniversario-del-FCHMM.jpg 810w, https:\/\/hdpnoticias.com.ar\/wp-content\/uploads\/2023\/07\/Piqueteros-de-Capitanich-en-aniversario-del-FCHMM-300x199.jpg 300w, https:\/\/hdpnoticias.com.ar\/wp-content\/uploads\/2023\/07\/Piqueteros-de-Capitanich-en-aniversario-del-FCHMM-768x509.jpg 768w, https:\/\/hdpnoticias.com.ar\/wp-content\/uploads\/2023\/07\/Piqueteros-de-Capitanich-en-aniversario-del-FCHMM-696x461.jpg 696w, https:\/\/hdpnoticias.com.ar\/wp-content\/uploads\/2023\/07\/Piqueteros-de-Capitanich-en-aniversario-del-FCHMM-634x420.jpg 634w\" sizes=\"auto, (max-width: 810px) 100vw, 810px\" \/><figcaption class=\"wp-element-caption\">El Frente Dar\u00edo Santill\u00e1n es una de las agrupaciones piqueteras aliadas del gobernador Capitanich, con gran presencia en los actos del frente oficialista.<\/figcaption><\/figure>\n","protected":false},"excerpt":{"rendered":"<p>El Frente Popular Dar\u00edo Santill\u00e1n, aliado del gobernador Jorge Capitanich, se manifest\u00f3 este lunes exigiendo la inmediata liberaci\u00f3n del dirigente social Quint\u00edn G\u00f3mez, detenido tras ser denunciado por abuso sexual por una integrante de su organizaci\u00f3n. G\u00f3mez era candidato a diputado provincial por el Frente Chaque\u00f1o que encabezan el gobernador Jorge Capitanich y la vicegobernadora [&hellip;]<\/p>\n","protected":false},"author":1,"featured_media":3325,"comment_status":"open","ping_status":"open","sticky":false,"template":"","format":"standard","meta":{"footnotes":""},"categories":[26],"tags":[945,1901,29,2119,682,2122,1052,2120,794,2121],"class_list":["post-3324","post","type-post","status-publish","format-standard","has-post-thumbnail","hentry","category-policiales","tag-abuso-sexual","tag-analia-rach-quiroga","tag-capitanich","tag-dario-santillan","tag-diputado","tag-frente-chaco-merece-mas","tag-frente-chaqueno","tag-pena-de-muerte","tag-quintin","tag-violadores"],"_links":{"self":[{"href":"https:\/\/hdpnoticias.com.ar\/index.php?rest_route=\/wp\/v2\/posts\/3324","targetHints":{"allow":["GET"]}}],"collection":[{"href":"https:\/\/hdpnoticias.com.ar\/index.php?rest_route=\/wp\/v2\/posts"}],"about":[{"href":"https:\/\/hdpnoticias.com.ar\/index.php?rest_route=\/wp\/v2\/types\/post"}],"author":[{"embeddable":true,"href":"https:\/\/hdpnoticias.com.ar\/index.php?rest_route=\/wp\/v2\/users\/1"}],"replies":[{"embeddable":true,"href":"https:\/\/hdpnoticias.com.ar\/index.php?rest_route=%2Fwp%2Fv2%2Fcomments&post=3324"}],"version-history":[{"count":3,"href":"https:\/\/hdpnoticias.com.ar\/index.php?rest_route=\/wp\/v2\/posts\/3324\/revisions"}],"predecessor-version":[{"id":3685,"href":"https:\/\/hdpnoticias.com.ar\/index.php?rest_route=\/wp\/v2\/posts\/3324\/revisions\/3685"}],"wp:featuredmedia":[{"embeddable":true,"href":"https:\/\/hdpnoticias.com.ar\/index.php?rest_route=\/wp\/v2\/media\/3325"}],"wp:attachment":[{"href":"https:\/\/hdpnoticias.com.ar\/index.php?rest_route=%2Fwp%2Fv2%2Fmedia&parent=3324"}],"wp:term":[{"taxonomy":"category","embeddable":true,"href":"https:\/\/hdpnoticias.com.ar\/index.php?rest_route=%2Fwp%2Fv2%2Fcategories&post=3324"},{"taxonomy":"post_tag","embeddable":true,"href":"https:\/\/hdpnoticias.com.ar\/index.php?rest_route=%2Fwp%2Fv2%2Ftags&post=3324"}],"curies":[{"name":"wp","href":"https:\/\/api.w.org\/{rel}","templated":true}]}}