{"id":3294,"date":"2023-07-21T08:04:05","date_gmt":"2023-07-21T11:04:05","guid":{"rendered":"http:\/\/hdpnoticias.com.ar\/?p=3294"},"modified":"2023-08-16T06:24:46","modified_gmt":"2023-08-16T09:24:46","slug":"tito-acusa-a-la-justicia-de-meterse-en-la-politica-emerenciano-y-quintin-son-inocentes","status":"publish","type":"post","link":"https:\/\/hdpnoticias.com.ar\/?p=3294","title":{"rendered":"Tito acusa a la Justicia de meterse en la pol\u00edtica: Emerenciano y Quint\u00edn son inocentes"},"content":{"rendered":"\n<p>El dirigente social Tito L\u00f3pez sigue acampando a la vera de la ruta nacional 11 en el acceso sur a Resistencia, con integrantes del MTD 17 de Julio, que dirige, exigiendo al Gobierno la implementaci\u00f3n de los convenios para la construcci\u00f3n de viviendas pactados en noviembre de 2022.<\/p>\n\n\n\n<p>Mientras, ve con preocupaci\u00f3n el accionar de la Justicia que mantiene detenidos a los dirigentes Emerenciano Sena, titular el Movimiento Socialista Emerrenciano y el Partido Socialistas Unidos por el Chaco, y al l\u00edder del MTD Zona Norte y la agrupaci\u00f3n peronista Descamisados: Quint\u00edn G\u00f3mez, ambos aliados del gobernador Jorge Capitanich y candidatos del oficialista Frente Chaque\u00f1o.<\/p>\n\n\n\n<p>Emerenciano est\u00e1 preso desde el 9 de junio, imputado por homicidio de su nuera Cecilia Strzyzowski, al igual que su esposa: Marcela Acu\u00f1a, y el hijo de ambos: C\u00e9sar Sena, pareja de la joven asesinada.<\/p>\n\n\n\n<p>Y Quint\u00edn fue detenido este jueves despu\u00e9s de haber sido denunciado el \u00faltimo lunes por una integrante de su agrupaci\u00f3n que presta servicio en la EPGS 4, que \u00e9l dirige, que lo acus\u00f3 de abusar sexualmente de ella.<\/p>\n\n\n\n<p>Para L\u00f3pez, \u201cla Justicia est\u00e1 haciendo pol\u00edtica\u201d. No encuentra otra raz\u00f3n que explique la situaci\u00f3n, ya que, seg\u00fan su entender, tanto Sena como G\u00f3mez son inocentes.<\/p>\n\n\n\n<p>\u201cYa se demostr\u00f3 que Emerenciano no tiene nada que ver. Porque Marcela ya dijo que ella le encubri\u00f3 al hijo\u201d, dijo a Portal M\u00f3vil sobre el contenido de las cartas de la dirigente de Mujeres al Frente en las que le endilga el crimen de Cecilia a su hijo, y admite haberlo encubierto, pero deja en claro que su marido no estaba al tanto de la situaci\u00f3n.<\/p>\n\n\n\n<p>Y en el caso de Quint\u00edn desconfi\u00f3 que el abuso haya existido, y tambi\u00e9n atribuy\u00f3 un inter\u00e9s pol\u00edtico y hasta econ\u00f3mico detr\u00e1s de la denuncia. \u201cEn los audios que escuch\u00e9 de este mujer ella ya dice que quiere destruir al Gobierno y a Quint\u00edn, y en ning\u00fan momento habla de abuso\u201d. \u201c\u00bfLa Justica la va a meter en cana si minti\u00f3? \u00bfQui\u00e9n le va a pagar a Quint\u00edn lo que le est\u00e1n haciendo?\u201d, pregunt\u00f3.<\/p>\n\n\n\n<p>Por esto, insiste en que est\u00e1 demostrada la inocencia de ambos dirigentes, pero que \u201ceso reci\u00e9n van a reconocer despu\u00e9s de las elecciones\u201d. Para \u00e9l, hay una campa\u00f1a \u201cpara meterle en la cabeza a la gente que Zdero tiene que llegar al Gobierno\u201d, y que la Justicia est\u00e1 haciendo su parte en favor del candidato a gobernador del frente opositor Juntos por el Cambio.<\/p>\n","protected":false},"excerpt":{"rendered":"<p>El dirigente social Tito L\u00f3pez sigue acampando a la vera de la ruta nacional 11 en el acceso sur a Resistencia, con integrantes del MTD 17 de Julio, que dirige, exigiendo al Gobierno la implementaci\u00f3n de los convenios para la construcci\u00f3n de viviendas pactados en noviembre de 2022. Mientras, ve con preocupaci\u00f3n el accionar de [&hellip;]<\/p>\n","protected":false},"author":1,"featured_media":3295,"comment_status":"open","ping_status":"open","sticky":false,"template":"","format":"standard","meta":{"footnotes":""},"categories":[27],"tags":[945,29,1813,793,283,588,265,794,2035],"class_list":["post-3294","post","type-post","status-publish","format-standard","has-post-thumbnail","hentry","category-politica","tag-abuso-sexual","tag-capitanich","tag-cecilia","tag-emerenciano","tag-homicidio","tag-justicia","tag-piqueteros","tag-quintin","tag-tito"],"_links":{"self":[{"href":"https:\/\/hdpnoticias.com.ar\/index.php?rest_route=\/wp\/v2\/posts\/3294","targetHints":{"allow":["GET"]}}],"collection":[{"href":"https:\/\/hdpnoticias.com.ar\/index.php?rest_route=\/wp\/v2\/posts"}],"about":[{"href":"https:\/\/hdpnoticias.com.ar\/index.php?rest_route=\/wp\/v2\/types\/post"}],"author":[{"embeddable":true,"href":"https:\/\/hdpnoticias.com.ar\/index.php?rest_route=\/wp\/v2\/users\/1"}],"replies":[{"embeddable":true,"href":"https:\/\/hdpnoticias.com.ar\/index.php?rest_route=%2Fwp%2Fv2%2Fcomments&post=3294"}],"version-history":[{"count":3,"href":"https:\/\/hdpnoticias.com.ar\/index.php?rest_route=\/wp\/v2\/posts\/3294\/revisions"}],"predecessor-version":[{"id":3679,"href":"https:\/\/hdpnoticias.com.ar\/index.php?rest_route=\/wp\/v2\/posts\/3294\/revisions\/3679"}],"wp:featuredmedia":[{"embeddable":true,"href":"https:\/\/hdpnoticias.com.ar\/index.php?rest_route=\/wp\/v2\/media\/3295"}],"wp:attachment":[{"href":"https:\/\/hdpnoticias.com.ar\/index.php?rest_route=%2Fwp%2Fv2%2Fmedia&parent=3294"}],"wp:term":[{"taxonomy":"category","embeddable":true,"href":"https:\/\/hdpnoticias.com.ar\/index.php?rest_route=%2Fwp%2Fv2%2Fcategories&post=3294"},{"taxonomy":"post_tag","embeddable":true,"href":"https:\/\/hdpnoticias.com.ar\/index.php?rest_route=%2Fwp%2Fv2%2Ftags&post=3294"}],"curies":[{"name":"wp","href":"https:\/\/api.w.org\/{rel}","templated":true}]}}