{"id":3277,"date":"2023-07-20T17:00:09","date_gmt":"2023-07-20T20:00:09","guid":{"rendered":"http:\/\/hdpnoticias.com.ar\/?p=3277"},"modified":"2023-07-21T07:59:51","modified_gmt":"2023-07-21T10:59:51","slug":"denuncian-a-la-exintendente-de-tirol-nego-asistencia-a-una-trabajadora-que-sufrio-un-acv","status":"publish","type":"post","link":"https:\/\/hdpnoticias.com.ar\/?p=3277","title":{"rendered":"Denuncian a la exintendente de Tirol: neg\u00f3 asistencia a una trabajadora que sufri\u00f3 un ACV"},"content":{"rendered":"\n<p>La ma\u00f1ana de este jueves Graciela Obreg\u00f3n, una trabajadora de la Municipalidad de Puerto Tirol, de 46 a\u00f1os, debi\u00f3 ser internada de urgencia tras sufrir un ACV mientras realizaba una tarea encomendada por la exintendente Claudia Gronda, ahora compa\u00f1era de trabajo.<\/p>\n\n\n\n<p>Graciela trabaja en el \u00e1rea de Maestranza desde hace varios a\u00f1os y desde hace un tiempo es hostigada por Gronda por la sola raz\u00f3n de su militancia pol\u00edtica en favor de candidatos opositores del gobernador Jorge Capitanich.<\/p>\n\n\n\n<p>As\u00ed relat\u00f3 su hija al formalizar una denuncia por el maltrato al que asegura es sometida su madre. \u201cMientras yo sea intendente olv\u00eddate del pase a planta\u201d, dijo que la amenaz\u00f3 reiteradamente Gronda en su anterior rol.<\/p>\n\n\n\n<p>La persecuci\u00f3n laboral de la que es v\u00edctima, le habr\u00eda provocado un cuadro de estr\u00e9s y depresi\u00f3n pero, de todos modos, asisti\u00f3 diariamente a cumplir con sus tareas.<\/p>\n\n\n\n<p>Este jueves no se sent\u00eda bien, y puso al tanto de la situaci\u00f3n a sus compa\u00f1eras de trabajo en el Centro Integrador Comunitario. Pero alrededor de las 9:30 se present\u00f3 Gronda y la mand\u00f3 a juntar pasto en el espacio verde.<\/p>\n\n\n\n<p>A pesar de su estado, Graciela se allan\u00f3 a cumplir la orden. Y en eso estaba cuando sufri\u00f3 un descompensaci\u00f3n. Otras 2 trabajadoras informaron la situaci\u00f3n a Gronda pero \u00e9ste le habr\u00eda negado asistencia m\u00e9dica a pesar de ser ella misma profesional de la Medicina.<\/p>\n\n\n\n<p>Finalmente, como no reaccionaba, la trasladaron al hospital local, desde donde fue derivada al hospital Perrando, de Resistencia, y desde ah\u00ed al Sanatorio Chaco Oeste, con diagn\u00f3stico de accidente cerebro vascular (ACV). Al momento de la denuncia, Graciela continuaba internada en terapia intensiva.<\/p>\n","protected":false},"excerpt":{"rendered":"<p>La ma\u00f1ana de este jueves Graciela Obreg\u00f3n, una trabajadora de la Municipalidad de Puerto Tirol, de 46 a\u00f1os, debi\u00f3 ser internada de urgencia tras sufrir un ACV mientras realizaba una tarea encomendada por la exintendente Claudia Gronda, ahora compa\u00f1era de trabajo. Graciela trabaja en el \u00e1rea de Maestranza desde hace varios a\u00f1os y desde hace [&hellip;]<\/p>\n","protected":false},"author":1,"featured_media":3275,"comment_status":"open","ping_status":"open","sticky":false,"template":"","format":"standard","meta":{"footnotes":""},"categories":[27],"tags":[],"class_list":["post-3277","post","type-post","status-publish","format-standard","has-post-thumbnail","hentry","category-politica"],"_links":{"self":[{"href":"https:\/\/hdpnoticias.com.ar\/index.php?rest_route=\/wp\/v2\/posts\/3277","targetHints":{"allow":["GET"]}}],"collection":[{"href":"https:\/\/hdpnoticias.com.ar\/index.php?rest_route=\/wp\/v2\/posts"}],"about":[{"href":"https:\/\/hdpnoticias.com.ar\/index.php?rest_route=\/wp\/v2\/types\/post"}],"author":[{"embeddable":true,"href":"https:\/\/hdpnoticias.com.ar\/index.php?rest_route=\/wp\/v2\/users\/1"}],"replies":[{"embeddable":true,"href":"https:\/\/hdpnoticias.com.ar\/index.php?rest_route=%2Fwp%2Fv2%2Fcomments&post=3277"}],"version-history":[{"count":2,"href":"https:\/\/hdpnoticias.com.ar\/index.php?rest_route=\/wp\/v2\/posts\/3277\/revisions"}],"predecessor-version":[{"id":3293,"href":"https:\/\/hdpnoticias.com.ar\/index.php?rest_route=\/wp\/v2\/posts\/3277\/revisions\/3293"}],"wp:featuredmedia":[{"embeddable":true,"href":"https:\/\/hdpnoticias.com.ar\/index.php?rest_route=\/wp\/v2\/media\/3275"}],"wp:attachment":[{"href":"https:\/\/hdpnoticias.com.ar\/index.php?rest_route=%2Fwp%2Fv2%2Fmedia&parent=3277"}],"wp:term":[{"taxonomy":"category","embeddable":true,"href":"https:\/\/hdpnoticias.com.ar\/index.php?rest_route=%2Fwp%2Fv2%2Fcategories&post=3277"},{"taxonomy":"post_tag","embeddable":true,"href":"https:\/\/hdpnoticias.com.ar\/index.php?rest_route=%2Fwp%2Fv2%2Ftags&post=3277"}],"curies":[{"name":"wp","href":"https:\/\/api.w.org\/{rel}","templated":true}]}}