{"id":3271,"date":"2023-07-20T15:44:32","date_gmt":"2023-07-20T18:44:32","guid":{"rendered":"http:\/\/hdpnoticias.com.ar\/?p=3271"},"modified":"2023-07-20T15:44:35","modified_gmt":"2023-07-20T18:44:35","slug":"liberen-a-emerenciano-respaldan-al-lider-piquetero-preso-por-el-asesinato-de-cecilia","status":"publish","type":"post","link":"https:\/\/hdpnoticias.com.ar\/?p=3271","title":{"rendered":"Liberen a Emerenciano: respaldan al l\u00edder piquetero preso por el asesinato de Cecilia"},"content":{"rendered":"\n<p>Referentes de varios movimientos sociales marcharon este jueves para manifestar su <strong><a href=\"http:\/\/hdpnoticias.com.ar\/?p=3067\" target=\"_blank\" rel=\"noreferrer noopener\">respaldo incondicional al l\u00edder piquetero Emerenciano Sena<\/a><\/strong>, conductor del Movimiento Socialista Emerenciano y del Partido Socialistas Unidos por el Chaco, aliado del oficialista Frente Chaque\u00f1o conducido por el gobernador Jorge Capitanich.<\/p>\n\n\n\n<p>Sena est\u00e1 detenido desde el 9 de junio, imputado por homicidio calificado en la causa en la que se investiga el asesinato de su nuera: Cecilia Strzyzowski, a quien se vio por \u00faltima vez con vida el 2 de junio ingresando a la casa de la familia Sena en Santa Mar\u00eda de Oro 1460, en Resistencia.<\/p>\n\n\n\n<p>En la misma situaci\u00f3n est\u00e1 su esposa: Marcela Acu\u00f1a, dirigente de Mujeres al Frente, el cuadro femenino del Movimiento Emerenciano, y el hijo de ambos: C\u00e9sar Sena, pareja de Cecilia, a quien se le imputa homicidio triplemente calificado. Y 4 empleados de la familia: Gustavo Obreg\u00f3n, Fabiana Gonz\u00e1lez, Gustavo Melgarejo y Griselda Reynoso, est\u00e1n acusados de encubrimiento agravado.<\/p>\n\n\n\n<p>Con pancartas, los manifestantes se dirigieron a la sede de las Fiscal\u00edas, en la avenida 9 de Julio, donde exigieron la inmediata liberaci\u00f3n de Sena, a quien consideran injustamente detenido, entendiendo que \u201cno hay pruebas en su contra\u201d.<\/p>\n\n\n\n<p>El plan es profundizar este tipo de protestas no s\u00f3lo en Resistencia, sino en todo el interior, donde est\u00e1n radicadas otras agrupaciones piqueteras aliadas de Sena. As\u00ed <strong><a href=\"http:\/\/hdpnoticias.com.ar\/?p=3067\" target=\"_blank\" rel=\"noreferrer noopener\">lo anunciaron d\u00edas atr\u00e1s a trav\u00e9s de las redes sociales<\/a><\/strong>.<\/p>\n\n\n\n<p>La marcha de hoy se dio mientras en la Fiscal\u00eda 3 se aguardaba la presentaci\u00f3n del dirigente social <strong><a href=\"http:\/\/hdpnoticias.com.ar\/?p=2707\" target=\"_blank\" rel=\"noreferrer noopener\">Quint\u00edn G\u00f3mez, aliado pol\u00edtico de Emerenciano y el goberndor Capitanich,<\/a><\/strong> candidato dle Frente Chaque\u00f1o y asesor de la Secretr\u00eda de Municipios, sobre el que pesaba un pedido de detenci\u00f3n tras ser <strong><a href=\"http:\/\/hdpnoticias.com.ar\/?p=3252\" target=\"_blank\" rel=\"noreferrer noopener\">denunciado por abuso sexual<\/a><\/strong>.<\/p>\n","protected":false},"excerpt":{"rendered":"<p>Referentes de varios movimientos sociales marcharon este jueves para manifestar su respaldo incondicional al l\u00edder piquetero Emerenciano Sena, conductor del Movimiento Socialista Emerenciano y del Partido Socialistas Unidos por el Chaco, aliado del oficialista Frente Chaque\u00f1o conducido por el gobernador Jorge Capitanich. Sena est\u00e1 detenido desde el 9 de junio, imputado por homicidio calificado en [&hellip;]<\/p>\n","protected":false},"author":1,"featured_media":3272,"comment_status":"open","ping_status":"open","sticky":false,"template":"","format":"standard","meta":{"footnotes":""},"categories":[27],"tags":[945,29,1813,793,409,1052,283,1862,794],"class_list":["post-3271","post","type-post","status-publish","format-standard","has-post-thumbnail","hentry","category-politica","tag-abuso-sexual","tag-capitanich","tag-cecilia","tag-emerenciano","tag-femicidio","tag-frente-chaqueno","tag-homicidio","tag-piquetero","tag-quintin"],"_links":{"self":[{"href":"https:\/\/hdpnoticias.com.ar\/index.php?rest_route=\/wp\/v2\/posts\/3271","targetHints":{"allow":["GET"]}}],"collection":[{"href":"https:\/\/hdpnoticias.com.ar\/index.php?rest_route=\/wp\/v2\/posts"}],"about":[{"href":"https:\/\/hdpnoticias.com.ar\/index.php?rest_route=\/wp\/v2\/types\/post"}],"author":[{"embeddable":true,"href":"https:\/\/hdpnoticias.com.ar\/index.php?rest_route=\/wp\/v2\/users\/1"}],"replies":[{"embeddable":true,"href":"https:\/\/hdpnoticias.com.ar\/index.php?rest_route=%2Fwp%2Fv2%2Fcomments&post=3271"}],"version-history":[{"count":1,"href":"https:\/\/hdpnoticias.com.ar\/index.php?rest_route=\/wp\/v2\/posts\/3271\/revisions"}],"predecessor-version":[{"id":3273,"href":"https:\/\/hdpnoticias.com.ar\/index.php?rest_route=\/wp\/v2\/posts\/3271\/revisions\/3273"}],"wp:featuredmedia":[{"embeddable":true,"href":"https:\/\/hdpnoticias.com.ar\/index.php?rest_route=\/wp\/v2\/media\/3272"}],"wp:attachment":[{"href":"https:\/\/hdpnoticias.com.ar\/index.php?rest_route=%2Fwp%2Fv2%2Fmedia&parent=3271"}],"wp:term":[{"taxonomy":"category","embeddable":true,"href":"https:\/\/hdpnoticias.com.ar\/index.php?rest_route=%2Fwp%2Fv2%2Fcategories&post=3271"},{"taxonomy":"post_tag","embeddable":true,"href":"https:\/\/hdpnoticias.com.ar\/index.php?rest_route=%2Fwp%2Fv2%2Ftags&post=3271"}],"curies":[{"name":"wp","href":"https:\/\/api.w.org\/{rel}","templated":true}]}}