{"id":3269,"date":"2023-07-20T15:20:35","date_gmt":"2023-07-20T18:20:35","guid":{"rendered":"http:\/\/hdpnoticias.com.ar\/?p=3269"},"modified":"2023-07-20T15:20:38","modified_gmt":"2023-07-20T18:20:38","slug":"quintin-gomez-se-presento-y-fue-detenido-candidato-y-funcionario-denunciado-por-abuso","status":"publish","type":"post","link":"https:\/\/hdpnoticias.com.ar\/?p=3269","title":{"rendered":"Quint\u00edn G\u00f3mez se present\u00f3 y fue detenido: candidato y funcionario denunciado por abuso"},"content":{"rendered":"\n<p>El dirigente social Osmar Quint\u00edn G\u00f3mez, que el \u00faltimo lunes fue <strong><a href=\"http:\/\/hdpnoticias.com.ar\/?p=3252\" target=\"_blank\" rel=\"noreferrer noopener\">denunciado por una integrante de su organizaci\u00f3n, que lo acus\u00f3 de abusar sexualmente de ella<\/a><\/strong>, se present\u00f3 ante la Fiscal\u00eda 3, desde donde se hab\u00eda impartido una orden de detenci\u00f3n.<\/p>\n\n\n\n<p>Conocida la denuncia en su contra, G\u00f3mez fue forzado a renunciar como candidato a diputado provincial por el Frente Chaque\u00f1o, donde ocupaba el d\u00e9cimo lugar en la lista encabezada por los ministros de Econom\u00eda: Santiago P\u00e9rez Pons, y de Desarrollo Social: Mar\u00eda P\u00eda Chiacchio Cavana.<\/p>\n\n\n\n<p>Adem\u00e1s de ser expulsado del frente que lideran el gobernador Jorge Capitanich y la vicegobernadora Anal\u00eda Rach Quiroga, que buscan su reelecci\u00f3n, tambi\u00e9n fue despedido como asesor de la Secretar\u00eda de Municipios que comanda Beatriz Bogado<\/p>\n\n\n\n<p>Tras ser impuesto de la causa iniciad en su contra, trascendi\u00f3 que ser\u00eda trasladado a una comisar\u00eda fuera del Gran Resistencia.<\/p>\n\n\n\n<p>G\u00f3mez <strong><a href=\"http:\/\/hdpnoticias.com.ar\/?p=2707\" target=\"_blank\" rel=\"noreferrer noopener\">representaba a los movimientos piqueteros en la lista oficial del Frente Chaque\u00f1o<\/a><\/strong>, mientras el resto de los referentes de las organizaciones compiti\u00f3 en las Paso del oficialismo con la boleta del Partido Socialistas Unidos por el Chaco, que a nivel provincial comandaba Emerenciano Sena, como primer precandidato a diputado.<\/p>\n","protected":false},"excerpt":{"rendered":"<p>El dirigente social Osmar Quint\u00edn G\u00f3mez, que el \u00faltimo lunes fue denunciado por una integrante de su organizaci\u00f3n, que lo acus\u00f3 de abusar sexualmente de ella, se present\u00f3 ante la Fiscal\u00eda 3, desde donde se hab\u00eda impartido una orden de detenci\u00f3n. Conocida la denuncia en su contra, G\u00f3mez fue forzado a renunciar como candidato a [&hellip;]<\/p>\n","protected":false},"author":1,"featured_media":2711,"comment_status":"open","ping_status":"open","sticky":false,"template":"","format":"standard","meta":{"footnotes":""},"categories":[27],"tags":[945,1901,29,841,793,235,794],"class_list":["post-3269","post","type-post","status-publish","format-standard","has-post-thumbnail","hentry","category-politica","tag-abuso-sexual","tag-analia-rach-quiroga","tag-capitanich","tag-detenido","tag-emerenciano","tag-perez-pons","tag-quintin"],"_links":{"self":[{"href":"https:\/\/hdpnoticias.com.ar\/index.php?rest_route=\/wp\/v2\/posts\/3269","targetHints":{"allow":["GET"]}}],"collection":[{"href":"https:\/\/hdpnoticias.com.ar\/index.php?rest_route=\/wp\/v2\/posts"}],"about":[{"href":"https:\/\/hdpnoticias.com.ar\/index.php?rest_route=\/wp\/v2\/types\/post"}],"author":[{"embeddable":true,"href":"https:\/\/hdpnoticias.com.ar\/index.php?rest_route=\/wp\/v2\/users\/1"}],"replies":[{"embeddable":true,"href":"https:\/\/hdpnoticias.com.ar\/index.php?rest_route=%2Fwp%2Fv2%2Fcomments&post=3269"}],"version-history":[{"count":1,"href":"https:\/\/hdpnoticias.com.ar\/index.php?rest_route=\/wp\/v2\/posts\/3269\/revisions"}],"predecessor-version":[{"id":3270,"href":"https:\/\/hdpnoticias.com.ar\/index.php?rest_route=\/wp\/v2\/posts\/3269\/revisions\/3270"}],"wp:featuredmedia":[{"embeddable":true,"href":"https:\/\/hdpnoticias.com.ar\/index.php?rest_route=\/wp\/v2\/media\/2711"}],"wp:attachment":[{"href":"https:\/\/hdpnoticias.com.ar\/index.php?rest_route=%2Fwp%2Fv2%2Fmedia&parent=3269"}],"wp:term":[{"taxonomy":"category","embeddable":true,"href":"https:\/\/hdpnoticias.com.ar\/index.php?rest_route=%2Fwp%2Fv2%2Fcategories&post=3269"},{"taxonomy":"post_tag","embeddable":true,"href":"https:\/\/hdpnoticias.com.ar\/index.php?rest_route=%2Fwp%2Fv2%2Ftags&post=3269"}],"curies":[{"name":"wp","href":"https:\/\/api.w.org\/{rel}","templated":true}]}}