{"id":3248,"date":"2023-07-19T11:14:33","date_gmt":"2023-07-19T14:14:33","guid":{"rendered":"http:\/\/hdpnoticias.com.ar\/?p=3248"},"modified":"2023-07-19T11:15:30","modified_gmt":"2023-07-19T14:15:30","slug":"capitanich-rompio-relaciones-con-la-piquetera-que-amenazo-quemar-la-casa-de-gobierno","status":"publish","type":"post","link":"https:\/\/hdpnoticias.com.ar\/?p=3248","title":{"rendered":"Capitanich rompi\u00f3 relaciones con la piquetera que amenaz\u00f3 quemar la Casa de Gobierno"},"content":{"rendered":"\n<p>El \u00faltimo viernes Vilma Gim\u00e9nez, titular de la Fundaci\u00f3n Recuperando Valores, aliada del gobernador Jorge Capitanich, intent\u00f3 <strong><a href=\"http:\/\/hdpnoticias.com.ar\/?p=3195\" target=\"_blank\" rel=\"noreferrer noopener\">ingresar con su Toyota Hilux a la Casa de Gobierno<\/a><\/strong> exigiendo ser atendida por \u00e9l.<\/p>\n\n\n\n<p>Ante la negativa, la dirigente, que fue interceptada cuando su veh\u00edculo estaba a punto de topar el port\u00f3n de rejas del acceso principal, amenaz\u00f3 con incendiar la casa de Gobierno, para lo que llevaba una garrafa y un bid\u00f3n con combustible.<\/p>\n\n\n\n<p>Por eso fue detenida, y la Polic\u00eda secuestr\u00f3, adem\u00e1s de estos elementos, la camioneta y 159.300 pesos que llevaba en la gaveta.<\/p>\n\n\n\n<p>Este mi\u00e9rcoles el ministro de Gobierno: Juan Manuel Chapo, anunci\u00f3 que Capitanich decidi\u00f3 rescindir los 2 convenios firmados por el Instituto de Agricultura Familiar y Econom\u00eda Popular con esa Fundaci\u00f3n: uno para tareas de limpieza, y otro para la construcci\u00f3n de viviendas.<\/p>\n","protected":false},"excerpt":{"rendered":"<p>El \u00faltimo viernes Vilma Gim\u00e9nez, titular de la Fundaci\u00f3n Recuperando Valores, aliada del gobernador Jorge Capitanich, intent\u00f3 ingresar con su Toyota Hilux a la Casa de Gobierno exigiendo ser atendida por \u00e9l. Ante la negativa, la dirigente, que fue interceptada cuando su veh\u00edculo estaba a punto de topar el port\u00f3n de rejas del acceso principal, [&hellip;]<\/p>\n","protected":false},"author":1,"featured_media":3249,"comment_status":"open","ping_status":"open","sticky":false,"template":"","format":"standard","meta":{"footnotes":""},"categories":[27],"tags":[797,56,1391,1299,36,391,2079,390,79],"class_list":["post-3248","post","type-post","status-publish","format-standard","has-post-thumbnail","hentry","category-politica","tag-chapo","tag-fundacion","tag-garrafa","tag-gas","tag-gobierno","tag-hilux","tag-piquetera","tag-toyota","tag-viviendas"],"_links":{"self":[{"href":"https:\/\/hdpnoticias.com.ar\/index.php?rest_route=\/wp\/v2\/posts\/3248","targetHints":{"allow":["GET"]}}],"collection":[{"href":"https:\/\/hdpnoticias.com.ar\/index.php?rest_route=\/wp\/v2\/posts"}],"about":[{"href":"https:\/\/hdpnoticias.com.ar\/index.php?rest_route=\/wp\/v2\/types\/post"}],"author":[{"embeddable":true,"href":"https:\/\/hdpnoticias.com.ar\/index.php?rest_route=\/wp\/v2\/users\/1"}],"replies":[{"embeddable":true,"href":"https:\/\/hdpnoticias.com.ar\/index.php?rest_route=%2Fwp%2Fv2%2Fcomments&post=3248"}],"version-history":[{"count":2,"href":"https:\/\/hdpnoticias.com.ar\/index.php?rest_route=\/wp\/v2\/posts\/3248\/revisions"}],"predecessor-version":[{"id":3251,"href":"https:\/\/hdpnoticias.com.ar\/index.php?rest_route=\/wp\/v2\/posts\/3248\/revisions\/3251"}],"wp:featuredmedia":[{"embeddable":true,"href":"https:\/\/hdpnoticias.com.ar\/index.php?rest_route=\/wp\/v2\/media\/3249"}],"wp:attachment":[{"href":"https:\/\/hdpnoticias.com.ar\/index.php?rest_route=%2Fwp%2Fv2%2Fmedia&parent=3248"}],"wp:term":[{"taxonomy":"category","embeddable":true,"href":"https:\/\/hdpnoticias.com.ar\/index.php?rest_route=%2Fwp%2Fv2%2Fcategories&post=3248"},{"taxonomy":"post_tag","embeddable":true,"href":"https:\/\/hdpnoticias.com.ar\/index.php?rest_route=%2Fwp%2Fv2%2Ftags&post=3248"}],"curies":[{"name":"wp","href":"https:\/\/api.w.org\/{rel}","templated":true}]}}