{"id":3237,"date":"2023-07-18T15:48:17","date_gmt":"2023-07-18T18:48:17","guid":{"rendered":"http:\/\/hdpnoticias.com.ar\/?p=3237"},"modified":"2023-07-18T15:48:20","modified_gmt":"2023-07-18T18:48:20","slug":"capitanich-promete-instalar-4-mil-luces-led-en-resistencia-antes-de-las-elecciones","status":"publish","type":"post","link":"https:\/\/hdpnoticias.com.ar\/?p=3237","title":{"rendered":"Capitanich promete instalar 4 mil luces led en Resistencia antes de las elecciones"},"content":{"rendered":"\n<p>El gobernador Jorge Capitanich recorre los barrios del Gran Resistencia para reunirse con vecinos y dirigentes del Frente Chaque\u00f1o como parte del plan para revertir el resultado adverso de las Paso, cuando el oficialismo fue superado por el frente opositor Juntos por el Cambio.<\/p>\n\n\n\n<p>Los encuentros sirven para \u201cescuchar a los vecinos\u201d. Y, como ya admitiera d\u00edas atr\u00e1s, el principal reclamo es la falta de seguridad y el avance del narcotr\u00e1fico. Por eso, ya mantuvo una reuni\u00f3n con jefes policiales de toda la provincia para idear \u201cun plan de seguridad\u201d.<\/p>\n\n\n\n<p>Este martes dio otro paso en ese sentido y anunci\u00f3 que colocar\u00e1 en la capital 4000 luminarias led en 40 d\u00edas, m\u00e1s la ejecuci\u00f3n de 500 cuadras de ripio, tarea que prometi\u00f3 concluir antes de las elecciones provinciales del 17 de septiembre, en la que buscar\u00e1 otra reelecci\u00f3n.<\/p>\n\n\n\n<p>El anunci\u00f3 lo hizo en compa\u00f1\u00eda de su compa\u00f1era de f\u00f3rmula: la vicegobernadora Anal\u00eda Rach Quiroga, y los candidatos a diputados provinciales: el ministro de Planificaci\u00f3n, Econom\u00eda e Infraestructura: Santiago P\u00e9rez Pons, y la ministra de Desarrollo Social: Mar\u00eda P\u00eda Chiacchio Cavana.<\/p>\n","protected":false},"excerpt":{"rendered":"<p>El gobernador Jorge Capitanich recorre los barrios del Gran Resistencia para reunirse con vecinos y dirigentes del Frente Chaque\u00f1o como parte del plan para revertir el resultado adverso de las Paso, cuando el oficialismo fue superado por el frente opositor Juntos por el Cambio. Los encuentros sirven para \u201cescuchar a los vecinos\u201d. Y, como ya [&hellip;]<\/p>\n","protected":false},"author":1,"featured_media":3238,"comment_status":"open","ping_status":"open","sticky":false,"template":"","format":"standard","meta":{"footnotes":""},"categories":[27],"tags":[29,37,2073,1052,244,450,2070,249,235,2072,350,2071],"class_list":["post-3237","post","type-post","status-publish","format-standard","has-post-thumbnail","hentry","category-politica","tag-capitanich","tag-chaco","tag-chiacchio","tag-frente-chaqueno","tag-gobernador","tag-juntos-por-el-cambio","tag-luces-led","tag-paso","tag-perez-pons","tag-rach","tag-reeleccion","tag-ripio"],"_links":{"self":[{"href":"https:\/\/hdpnoticias.com.ar\/index.php?rest_route=\/wp\/v2\/posts\/3237","targetHints":{"allow":["GET"]}}],"collection":[{"href":"https:\/\/hdpnoticias.com.ar\/index.php?rest_route=\/wp\/v2\/posts"}],"about":[{"href":"https:\/\/hdpnoticias.com.ar\/index.php?rest_route=\/wp\/v2\/types\/post"}],"author":[{"embeddable":true,"href":"https:\/\/hdpnoticias.com.ar\/index.php?rest_route=\/wp\/v2\/users\/1"}],"replies":[{"embeddable":true,"href":"https:\/\/hdpnoticias.com.ar\/index.php?rest_route=%2Fwp%2Fv2%2Fcomments&post=3237"}],"version-history":[{"count":1,"href":"https:\/\/hdpnoticias.com.ar\/index.php?rest_route=\/wp\/v2\/posts\/3237\/revisions"}],"predecessor-version":[{"id":3239,"href":"https:\/\/hdpnoticias.com.ar\/index.php?rest_route=\/wp\/v2\/posts\/3237\/revisions\/3239"}],"wp:featuredmedia":[{"embeddable":true,"href":"https:\/\/hdpnoticias.com.ar\/index.php?rest_route=\/wp\/v2\/media\/3238"}],"wp:attachment":[{"href":"https:\/\/hdpnoticias.com.ar\/index.php?rest_route=%2Fwp%2Fv2%2Fmedia&parent=3237"}],"wp:term":[{"taxonomy":"category","embeddable":true,"href":"https:\/\/hdpnoticias.com.ar\/index.php?rest_route=%2Fwp%2Fv2%2Fcategories&post=3237"},{"taxonomy":"post_tag","embeddable":true,"href":"https:\/\/hdpnoticias.com.ar\/index.php?rest_route=%2Fwp%2Fv2%2Ftags&post=3237"}],"curies":[{"name":"wp","href":"https:\/\/api.w.org\/{rel}","templated":true}]}}